{"id":1807,"date":"2021-03-16T19:11:10","date_gmt":"2021-03-16T18:11:10","guid":{"rendered":"http:\/\/integra-netz.de\/verein\/irakisch-kurdischer-sport-und-kulturverein\/?p=1807"},"modified":"2021-03-17T21:50:09","modified_gmt":"2021-03-17T20:50:09","slug":"1807","status":"publish","type":"post","link":"https:\/\/integra-netz.de\/verein\/irakisch-kurdischer-sport-und-kulturverein\/2021\/03\/16\/1807\/","title":{"rendered":"16. M\u00e4rz 2021          GEDENKTAG HALABJA"},"content":{"rendered":"\n<figure class=\"wp-block-image size-large is-resized\"><a href=\"http:\/\/integra-netz.de\/verein\/irakisch-kurdischer-sport-und-kulturverein\/wp-content\/uploads\/sites\/16\/2021\/03\/IMG-20210316-WA0020-5.jpg\"><img loading=\"lazy\" decoding=\"async\" src=\"http:\/\/integra-netz.de\/verein\/irakisch-kurdischer-sport-und-kulturverein\/wp-content\/uploads\/sites\/16\/2021\/03\/IMG-20210316-WA0020-5-1024x768.jpg\" alt=\"\" class=\"wp-image-1828\" width=\"216\" height=\"161\" srcset=\"https:\/\/integra-netz.de\/verein\/irakisch-kurdischer-sport-und-kulturverein\/wp-content\/uploads\/sites\/16\/2021\/03\/IMG-20210316-WA0020-5-1024x768.jpg 1024w, https:\/\/integra-netz.de\/verein\/irakisch-kurdischer-sport-und-kulturverein\/wp-content\/uploads\/sites\/16\/2021\/03\/IMG-20210316-WA0020-5-300x225.jpg 300w, https:\/\/integra-netz.de\/verein\/irakisch-kurdischer-sport-und-kulturverein\/wp-content\/uploads\/sites\/16\/2021\/03\/IMG-20210316-WA0020-5-768x576.jpg 768w, https:\/\/integra-netz.de\/verein\/irakisch-kurdischer-sport-und-kulturverein\/wp-content\/uploads\/sites\/16\/2021\/03\/IMG-20210316-WA0020-5.jpg 1077w\" sizes=\"auto, (max-width: 216px) 100vw, 216px\" \/><\/a><\/figure>\n\n\n\n<h2 class=\"wp-block-heading\">Heute ist der 33j\u00e4hrige Gedenktag von Halabja , dieses Jahr konnten wir es nicht \u00f6ffentlich machen Aber trotzdem haben wir eine Schweigeminute und Kerzen f\u00fcr die Opfer gemacht. Dieser Tag ist f\u00fcr uns sehr schmerzhaft wie eine Narbe tief in unserem Herzen.<\/h2>\n\n\n\n<p>Wir erinnern an die schrecklichen Ereignisse:<\/p>\n\n\n\n<p>Nach Angaben von Augenzeugen flogen am 16. M\u00e4rz gegen 11.00&nbsp;Uhr Kampfflugzeuge der&nbsp;<a href=\"https:\/\/de.wikipedia.org\/wiki\/Irakische_Luftwaffe\">irakischen Luftwaffe<\/a>&nbsp;\u00fcber die Stadt. Es sollen bis zu 20 Flugzeuge gewesen sein, darunter&nbsp;<a href=\"https:\/\/de.wikipedia.org\/wiki\/Mikojan-Gurewitsch\">MiGs<\/a>&nbsp;und&nbsp;<a href=\"https:\/\/de.wikipedia.org\/wiki\/Dassault_Mirage\">Mirages<\/a>. Danach sah man Rauchs\u00e4ulen aufsteigen, erst wei\u00df, dann schwarz und schlie\u00dflich gelb.<a href=\"https:\/\/de.wikipedia.org\/wiki\/Giftgasangriff_auf_Halabdscha#cite_note-bbc-7\"><sup>[7]<\/sup><\/a>&nbsp;An dem Angriff war auch ein Hubschrauber beteiligt,<a href=\"https:\/\/de.wikipedia.org\/wiki\/Giftgasangriff_auf_Halabdscha#cite_note-8\"><sup>[8]<\/sup><\/a>&nbsp;dessen Besatzung vorbereitend Aufnahmen machte und sp\u00e4ter den Wind mit Hilfe von abgeworfenen Papierfetzen ma\u00df.<a href=\"https:\/\/de.wikipedia.org\/wiki\/Giftgasangriff_auf_Halabdscha#cite_note-9\"><sup>[9]<\/sup><\/a><\/p>\n\n\n\n<p>Die Art der eingesetzten Kampfstoffe wurde sp\u00e4ter mit&nbsp;<a href=\"https:\/\/de.wikipedia.org\/wiki\/Senfgas\">Senfgas<\/a><a href=\"https:\/\/de.wikipedia.org\/wiki\/Giftgasangriff_auf_Halabdscha#cite_note-common-10\"><sup>[10]<\/sup><\/a>,&nbsp;<a href=\"https:\/\/de.wikipedia.org\/wiki\/Sarin\">Sarin<\/a>,&nbsp;<a href=\"https:\/\/de.wikipedia.org\/wiki\/Tabun\">Tabun<\/a>&nbsp;und ein Kampfstoff vermutlich auf&nbsp;<a href=\"https:\/\/de.wikipedia.org\/wiki\/Zyanid\">Zyanidbasis<\/a>&nbsp;beschrieben.<a href=\"https:\/\/de.wikipedia.org\/wiki\/Giftgasangriff_auf_Halabdscha#cite_note-bbc-7\"><sup>[7]<\/sup><\/a><a href=\"https:\/\/de.wikipedia.org\/wiki\/Giftgasangriff_auf_Halabdscha#cite_note-11\"><sup>[Anm. 1]<\/sup><\/a>&nbsp;Die genaue Zusammensetzung der benutzten Giftstoffe ist bis heute unbekannt<a href=\"https:\/\/de.wikipedia.org\/wiki\/Giftgasangriff_auf_Halabdscha#cite_note-environment-12\"><sup>[11]<\/sup><\/a><a href=\"https:\/\/de.wikipedia.org\/wiki\/Giftgasangriff_auf_Halabdscha#cite_note-common-10\"><sup>[10]<\/sup><\/a>.<\/p>\n\n\n\n<p>Ein \u00fcberlebender Einwohner beschrieb das Geschehen r\u00fcckblickend im Jahr 2008:<a href=\"https:\/\/de.wikipedia.org\/wiki\/Giftgasangriff_auf_Halabdscha#cite_note-13\"><sup>[12]<\/sup><\/a><\/p>\n\n\n\n<p>\u201eEs war ein sch\u00f6ner Fr\u00fchlingstag. Kurz vor 11 Uhr vormittags [\u2026] explodierten Artilleriegeschosse in Halabdscha, und Flugzeuge begannen Bomben auf die Stadt abzuwerfen, vor allem im Norden der Stadt. Wir rannten in unseren Keller. Um 2 Uhr nachmittags, als die Bombenabw\u00fcrfe weniger wurden, ging ich vorsichtig vom Keller in die K\u00fcche und brachte meiner Familie etwas zu essen. Als die Bombardierung aufgeh\u00f6rt hatte, [\u2026] h\u00f6rte ich ein langes merkw\u00fcrdiges Ger\u00e4usch, das sich wie Bombenexplosionen anh\u00f6rte. Ein Mann kam in unser Haus gerannt und rief: \u201aGas! Gas!\u2018 Wir rannten zu unserem Auto, stiegen ein und schlossen die Autofenster. Ich glaube, wir fuhren \u00fcber die Leichen von unschuldigen Opfern. Ich sah Menschen auf dem Boden liegen, die eine gr\u00fcnliche Fl\u00fcssigkeit erbrachen, w\u00e4hrend andere hysterisch wurden und laut zu lachen begannen, bevor sie reglos zu Boden fielen. Sp\u00e4ter nahm ich einen Geruch wahr, der mich an \u00c4pfel erinnerte, und fiel in Ohnmacht. Als ich erwachte, lagen Hunderte von Leichen verstreut um mich herum. Danach nahm ich in einem Keller in der N\u00e4he Zuflucht. Ein h\u00e4sslicher Geruch war \u00fcberall in dieser Gegend. Es roch zuerst nach verfaulendem Abfall, aber dann kam ein s\u00fc\u00dfer Geruch \u00e4hnlich wie der Duft von \u00c4pfeln. Dann roch es eher nach Eiern.&nbsp;[\u2026]<\/p>\n\n\n\n<p>Wenn die Leute die W\u00f6rter \u201aGas\u2018 und \u201aGift\u2018 rufen und man h\u00f6rt, wie sich diese Rufe unter den Menschen ausbreiten, dann greift der Schrecken um sich, vor allem bei den Kindern und den Frauen. Deine Liebsten, deine Freunde, du siehst, wie sie gehen und dann wie Bl\u00e4tter zu Boden fallen. Es ist unbeschreiblich. V\u00f6gel fielen aus ihren Nestern. Dann andere Tiere, dann Menschen. Es war die totale Vernichtung. Wer gehen konnte, verlie\u00df die Stadt zu Fu\u00df. Wer ein Auto hatte, fuhr damit fort. Aber wer zu viele Kinder hatte, um sie auf den Schultern zu tragen, blieb in der Stadt und fiel dem Gas zum Opfer.\u201c<\/p>\n\n\n\n<figure class=\"wp-block-image size-large is-resized\"><a href=\"http:\/\/integra-netz.de\/verein\/irakisch-kurdischer-sport-und-kulturverein\/wp-content\/uploads\/sites\/16\/2021\/03\/20210316_114637-1-rotated.jpg\"><img loading=\"lazy\" decoding=\"async\" src=\"http:\/\/integra-netz.de\/verein\/irakisch-kurdischer-sport-und-kulturverein\/wp-content\/uploads\/sites\/16\/2021\/03\/20210316_114637-1-rotated.jpg\" alt=\"\" class=\"wp-image-1831\" width=\"241\" height=\"180\" srcset=\"https:\/\/integra-netz.de\/verein\/irakisch-kurdischer-sport-und-kulturverein\/wp-content\/uploads\/sites\/16\/2021\/03\/20210316_114637-1-rotated.jpg 640w, https:\/\/integra-netz.de\/verein\/irakisch-kurdischer-sport-und-kulturverein\/wp-content\/uploads\/sites\/16\/2021\/03\/20210316_114637-1-300x225.jpg 300w\" sizes=\"auto, (max-width: 241px) 100vw, 241px\" \/><\/a><\/figure>\n\n\n\n<figure class=\"wp-block-image size-large is-resized\"><a href=\"http:\/\/integra-netz.de\/verein\/irakisch-kurdischer-sport-und-kulturverein\/wp-content\/uploads\/sites\/16\/2021\/03\/20210316_134210.jpg\"><img loading=\"lazy\" decoding=\"async\" src=\"http:\/\/integra-netz.de\/verein\/irakisch-kurdischer-sport-und-kulturverein\/wp-content\/uploads\/sites\/16\/2021\/03\/20210316_134210.jpg\" alt=\"\" class=\"wp-image-1832\" width=\"240\" height=\"180\" srcset=\"https:\/\/integra-netz.de\/verein\/irakisch-kurdischer-sport-und-kulturverein\/wp-content\/uploads\/sites\/16\/2021\/03\/20210316_134210.jpg 577w, https:\/\/integra-netz.de\/verein\/irakisch-kurdischer-sport-und-kulturverein\/wp-content\/uploads\/sites\/16\/2021\/03\/20210316_134210-300x225.jpg 300w\" sizes=\"auto, (max-width: 240px) 100vw, 240px\" \/><\/a><\/figure>\n\n\n\n<figure class=\"wp-block-image size-large is-resized\"><a href=\"http:\/\/integra-netz.de\/verein\/irakisch-kurdischer-sport-und-kulturverein\/wp-content\/uploads\/sites\/16\/2021\/03\/20210316_134025-rotated.jpg\"><img loading=\"lazy\" decoding=\"async\" src=\"http:\/\/integra-netz.de\/verein\/irakisch-kurdischer-sport-und-kulturverein\/wp-content\/uploads\/sites\/16\/2021\/03\/20210316_134025-rotated.jpg\" alt=\"\" class=\"wp-image-1833\" width=\"249\" height=\"331\" srcset=\"https:\/\/integra-netz.de\/verein\/irakisch-kurdischer-sport-und-kulturverein\/wp-content\/uploads\/sites\/16\/2021\/03\/20210316_134025-rotated.jpg 433w, https:\/\/integra-netz.de\/verein\/irakisch-kurdischer-sport-und-kulturverein\/wp-content\/uploads\/sites\/16\/2021\/03\/20210316_134025-225x300.jpg 225w\" sizes=\"auto, (max-width: 249px) 100vw, 249px\" \/><\/a><\/figure>\n\n\n\n<figure class=\"wp-block-image size-large is-resized\"><a href=\"http:\/\/integra-netz.de\/verein\/irakisch-kurdischer-sport-und-kulturverein\/wp-content\/uploads\/sites\/16\/2021\/03\/20210316_114601-rotated.jpg\"><img loading=\"lazy\" decoding=\"async\" src=\"http:\/\/integra-netz.de\/verein\/irakisch-kurdischer-sport-und-kulturverein\/wp-content\/uploads\/sites\/16\/2021\/03\/20210316_114601-rotated.jpg\" alt=\"\" class=\"wp-image-1834\" width=\"247\" height=\"185\" srcset=\"https:\/\/integra-netz.de\/verein\/irakisch-kurdischer-sport-und-kulturverein\/wp-content\/uploads\/sites\/16\/2021\/03\/20210316_114601-rotated.jpg 577w, https:\/\/integra-netz.de\/verein\/irakisch-kurdischer-sport-und-kulturverein\/wp-content\/uploads\/sites\/16\/2021\/03\/20210316_114601-300x225.jpg 300w\" sizes=\"auto, (max-width: 247px) 100vw, 247px\" \/><\/a><\/figure>\n\n\n\n<figure class=\"wp-block-image size-large is-resized\"><a href=\"http:\/\/integra-netz.de\/verein\/irakisch-kurdischer-sport-und-kulturverein\/wp-content\/uploads\/sites\/16\/2021\/03\/IMG-20210316-WA0024-3.jpg\"><img loading=\"lazy\" decoding=\"async\" src=\"http:\/\/integra-netz.de\/verein\/irakisch-kurdischer-sport-und-kulturverein\/wp-content\/uploads\/sites\/16\/2021\/03\/IMG-20210316-WA0024-3.jpg\" alt=\"\" class=\"wp-image-1835\" width=\"251\" height=\"334\" srcset=\"https:\/\/integra-netz.de\/verein\/irakisch-kurdischer-sport-und-kulturverein\/wp-content\/uploads\/sites\/16\/2021\/03\/IMG-20210316-WA0024-3.jpg 433w, https:\/\/integra-netz.de\/verein\/irakisch-kurdischer-sport-und-kulturverein\/wp-content\/uploads\/sites\/16\/2021\/03\/IMG-20210316-WA0024-3-226x300.jpg 226w\" sizes=\"auto, (max-width: 251px) 100vw, 251px\" \/><\/a><\/figure>\n\n\n\n<p><\/p>\n","protected":false},"excerpt":{"rendered":"<p>Heute ist der 33j\u00e4hrige Gedenktag von Halabja , dieses Jahr konnten wir es nicht \u00f6ffentlich machen Aber trotzdem haben wir eine Schweigeminute und Kerzen f\u00fcr die Opfer gemacht. Dieser Tag ist f\u00fcr uns sehr schmerzhaft wie eine Narbe tief in unserem Herzen. Wir erinnern an die schrecklichen Ereignisse: Nach Angaben von Augenzeugen flogen am 16. &hellip; <\/p>\n<p class=\"link-more\"><a href=\"https:\/\/integra-netz.de\/verein\/irakisch-kurdischer-sport-und-kulturverein\/2021\/03\/16\/1807\/\" class=\"more-link\"><span class=\"screen-reader-text\">\u201e16. M\u00e4rz 2021          GEDENKTAG HALABJA\u201c<\/span> weiterlesen<\/a><\/p>\n","protected":false},"author":35,"featured_media":0,"comment_status":"closed","ping_status":"closed","sticky":false,"template":"","format":"standard","meta":{"footnotes":""},"categories":[6],"tags":[],"class_list":["post-1807","post","type-post","status-publish","format-standard","hentry","category-aktuelles"],"_links":{"self":[{"href":"https:\/\/integra-netz.de\/verein\/irakisch-kurdischer-sport-und-kulturverein\/wp-json\/wp\/v2\/posts\/1807","targetHints":{"allow":["GET"]}}],"collection":[{"href":"https:\/\/integra-netz.de\/verein\/irakisch-kurdischer-sport-und-kulturverein\/wp-json\/wp\/v2\/posts"}],"about":[{"href":"https:\/\/integra-netz.de\/verein\/irakisch-kurdischer-sport-und-kulturverein\/wp-json\/wp\/v2\/types\/post"}],"author":[{"embeddable":true,"href":"https:\/\/integra-netz.de\/verein\/irakisch-kurdischer-sport-und-kulturverein\/wp-json\/wp\/v2\/users\/35"}],"replies":[{"embeddable":true,"href":"https:\/\/integra-netz.de\/verein\/irakisch-kurdischer-sport-und-kulturverein\/wp-json\/wp\/v2\/comments?post=1807"}],"version-history":[{"count":3,"href":"https:\/\/integra-netz.de\/verein\/irakisch-kurdischer-sport-und-kulturverein\/wp-json\/wp\/v2\/posts\/1807\/revisions"}],"predecessor-version":[{"id":1836,"href":"https:\/\/integra-netz.de\/verein\/irakisch-kurdischer-sport-und-kulturverein\/wp-json\/wp\/v2\/posts\/1807\/revisions\/1836"}],"wp:attachment":[{"href":"https:\/\/integra-netz.de\/verein\/irakisch-kurdischer-sport-und-kulturverein\/wp-json\/wp\/v2\/media?parent=1807"}],"wp:term":[{"taxonomy":"category","embeddable":true,"href":"https:\/\/integra-netz.de\/verein\/irakisch-kurdischer-sport-und-kulturverein\/wp-json\/wp\/v2\/categories?post=1807"},{"taxonomy":"post_tag","embeddable":true,"href":"https:\/\/integra-netz.de\/verein\/irakisch-kurdischer-sport-und-kulturverein\/wp-json\/wp\/v2\/tags?post=1807"}],"curies":[{"name":"wp","href":"https:\/\/api.w.org\/{rel}","templated":true}]}}