{"id":1398,"date":"2019-06-08T18:47:00","date_gmt":"2019-06-08T16:47:00","guid":{"rendered":"http:\/\/integra-netz.de\/verein\/irakisch-kurdischer-sport-und-kulturverein\/?p=1398"},"modified":"2021-02-14T17:46:34","modified_gmt":"2021-02-14T16:46:34","slug":"zuckerfest-im-cafe-international-am-08-06-2019","status":"publish","type":"post","link":"https:\/\/integra-netz.de\/verein\/irakisch-kurdischer-sport-und-kulturverein\/2019\/06\/08\/zuckerfest-im-cafe-international-am-08-06-2019\/","title":{"rendered":"Zuckerfest im Caf\u00e9 International am 08.06.2019"},"content":{"rendered":"\n<p>Wir haben am Samstag, den 8.06.2019 im Caf\u00e9 international von 16.00 Uhr bis ca. 22 Uhr das Zuckerfest gefeiert. Wir haben sehr viele Fl\u00fcchtlinge aus G\u00fcrzenich eingeladen. Es sind auch \u00fcber 50 neue Personen gekommen.<\/p>\n\n\n\n<p>Zu Beginn der Feier haben die TeilnehmerInnen sich alles Gute gew\u00fcnscht; danach haben wir \u00fcber die Tradition des Zuckerfestes geredet, und was es eigentlich f\u00fcr eine Bedeutung hat. Wir sprachen dar\u00fcber, dass es auch f\u00fcr die Religionen wichtig ist, und dass sich alle treffen und man mit der Familie Zeit verbringt. Sp\u00e4ter haben ein paar Leute gesungen, wir haben getanzt und danach haben wir gegessen. Am Schluss haben wir wieder gesungen und getanzt.<\/p>\n\n\n\n<p>Roonak Aziz<\/p>\n\n\n\n<p>(1. Vorsitzende)<\/p>\n\n\n\n<!--more-->\n\n\n\n<figure class=\"wp-block-gallery columns-3 is-cropped wp-block-gallery-1 is-layout-flex wp-block-gallery-is-layout-flex\"><ul class=\"blocks-gallery-grid\"><li class=\"blocks-gallery-item\"><figure><a href=\"http:\/\/integra-netz.de\/verein\/irakisch-kurdischer-sport-und-kulturverein\/wp-content\/uploads\/sites\/16\/2019\/06\/IMG-20190610-WA0001.jpg\"><img loading=\"lazy\" decoding=\"async\" width=\"1024\" height=\"768\" src=\"http:\/\/integra-netz.de\/verein\/irakisch-kurdischer-sport-und-kulturverein\/wp-content\/uploads\/sites\/16\/2019\/06\/IMG-20190610-WA0001-1024x768.jpg\" alt=\"\" data-id=\"910\" data-full-url=\"http:\/\/integra-netz.de\/verein\/irakisch-kurdischer-sport-und-kulturverein\/wp-content\/uploads\/sites\/16\/2019\/06\/IMG-20190610-WA0001.jpg\" data-link=\"http:\/\/integra-netz.de\/verein\/irakisch-kurdischer-sport-und-kulturverein\/aktuelles-2\/img-20190610-wa0001\/\" class=\"wp-image-910\" srcset=\"https:\/\/integra-netz.de\/verein\/irakisch-kurdischer-sport-und-kulturverein\/wp-content\/uploads\/sites\/16\/2019\/06\/IMG-20190610-WA0001-1024x768.jpg 1024w, https:\/\/integra-netz.de\/verein\/irakisch-kurdischer-sport-und-kulturverein\/wp-content\/uploads\/sites\/16\/2019\/06\/IMG-20190610-WA0001-300x225.jpg 300w, https:\/\/integra-netz.de\/verein\/irakisch-kurdischer-sport-und-kulturverein\/wp-content\/uploads\/sites\/16\/2019\/06\/IMG-20190610-WA0001-768x576.jpg 768w, https:\/\/integra-netz.de\/verein\/irakisch-kurdischer-sport-und-kulturverein\/wp-content\/uploads\/sites\/16\/2019\/06\/IMG-20190610-WA0001.jpg 1600w\" sizes=\"auto, (max-width: 767px) 89vw, (max-width: 1000px) 54vw, (max-width: 1071px) 543px, 580px\" \/><\/a><\/figure><\/li><li class=\"blocks-gallery-item\"><figure><a href=\"http:\/\/integra-netz.de\/verein\/irakisch-kurdischer-sport-und-kulturverein\/wp-content\/uploads\/sites\/16\/2019\/06\/IMG-20190610-WA0000.jpg\"><img loading=\"lazy\" decoding=\"async\" width=\"1024\" height=\"497\" src=\"http:\/\/integra-netz.de\/verein\/irakisch-kurdischer-sport-und-kulturverein\/wp-content\/uploads\/sites\/16\/2019\/06\/IMG-20190610-WA0000-1024x497.jpg\" alt=\"\" data-id=\"909\" data-full-url=\"http:\/\/integra-netz.de\/verein\/irakisch-kurdischer-sport-und-kulturverein\/wp-content\/uploads\/sites\/16\/2019\/06\/IMG-20190610-WA0000.jpg\" data-link=\"http:\/\/integra-netz.de\/verein\/irakisch-kurdischer-sport-und-kulturverein\/aktuelles-2\/img-20190610-wa0000\/\" class=\"wp-image-909\" srcset=\"https:\/\/integra-netz.de\/verein\/irakisch-kurdischer-sport-und-kulturverein\/wp-content\/uploads\/sites\/16\/2019\/06\/IMG-20190610-WA0000-1024x497.jpg 1024w, https:\/\/integra-netz.de\/verein\/irakisch-kurdischer-sport-und-kulturverein\/wp-content\/uploads\/sites\/16\/2019\/06\/IMG-20190610-WA0000-300x146.jpg 300w, https:\/\/integra-netz.de\/verein\/irakisch-kurdischer-sport-und-kulturverein\/wp-content\/uploads\/sites\/16\/2019\/06\/IMG-20190610-WA0000-768x373.jpg 768w, https:\/\/integra-netz.de\/verein\/irakisch-kurdischer-sport-und-kulturverein\/wp-content\/uploads\/sites\/16\/2019\/06\/IMG-20190610-WA0000.jpg 1600w\" sizes=\"auto, (max-width: 767px) 89vw, (max-width: 1000px) 54vw, (max-width: 1071px) 543px, 580px\" \/><\/a><\/figure><\/li><li class=\"blocks-gallery-item\"><figure><a href=\"http:\/\/integra-netz.de\/verein\/irakisch-kurdischer-sport-und-kulturverein\/wp-content\/uploads\/sites\/16\/2019\/06\/IMG-20190610-WA0002.jpg\"><img loading=\"lazy\" decoding=\"async\" width=\"1024\" height=\"497\" src=\"http:\/\/integra-netz.de\/verein\/irakisch-kurdischer-sport-und-kulturverein\/wp-content\/uploads\/sites\/16\/2019\/06\/IMG-20190610-WA0002-1024x497.jpg\" alt=\"\" data-id=\"911\" data-full-url=\"http:\/\/integra-netz.de\/verein\/irakisch-kurdischer-sport-und-kulturverein\/wp-content\/uploads\/sites\/16\/2019\/06\/IMG-20190610-WA0002.jpg\" data-link=\"http:\/\/integra-netz.de\/verein\/irakisch-kurdischer-sport-und-kulturverein\/aktuelles-2\/img-20190610-wa0002\/\" class=\"wp-image-911\" srcset=\"https:\/\/integra-netz.de\/verein\/irakisch-kurdischer-sport-und-kulturverein\/wp-content\/uploads\/sites\/16\/2019\/06\/IMG-20190610-WA0002-1024x497.jpg 1024w, https:\/\/integra-netz.de\/verein\/irakisch-kurdischer-sport-und-kulturverein\/wp-content\/uploads\/sites\/16\/2019\/06\/IMG-20190610-WA0002-300x146.jpg 300w, https:\/\/integra-netz.de\/verein\/irakisch-kurdischer-sport-und-kulturverein\/wp-content\/uploads\/sites\/16\/2019\/06\/IMG-20190610-WA0002-768x373.jpg 768w, https:\/\/integra-netz.de\/verein\/irakisch-kurdischer-sport-und-kulturverein\/wp-content\/uploads\/sites\/16\/2019\/06\/IMG-20190610-WA0002.jpg 1600w\" sizes=\"auto, (max-width: 767px) 89vw, (max-width: 1000px) 54vw, (max-width: 1071px) 543px, 580px\" \/><\/a><\/figure><\/li><li class=\"blocks-gallery-item\"><figure><a href=\"http:\/\/integra-netz.de\/verein\/irakisch-kurdischer-sport-und-kulturverein\/wp-content\/uploads\/sites\/16\/2019\/06\/IMG-20190610-WA0003.jpg\"><img loading=\"lazy\" decoding=\"async\" width=\"1024\" height=\"497\" src=\"http:\/\/integra-netz.de\/verein\/irakisch-kurdischer-sport-und-kulturverein\/wp-content\/uploads\/sites\/16\/2019\/06\/IMG-20190610-WA0003-1024x497.jpg\" alt=\"\" data-id=\"912\" data-full-url=\"http:\/\/integra-netz.de\/verein\/irakisch-kurdischer-sport-und-kulturverein\/wp-content\/uploads\/sites\/16\/2019\/06\/IMG-20190610-WA0003.jpg\" data-link=\"http:\/\/integra-netz.de\/verein\/irakisch-kurdischer-sport-und-kulturverein\/aktuelles-2\/img-20190610-wa0003\/\" class=\"wp-image-912\" srcset=\"https:\/\/integra-netz.de\/verein\/irakisch-kurdischer-sport-und-kulturverein\/wp-content\/uploads\/sites\/16\/2019\/06\/IMG-20190610-WA0003-1024x497.jpg 1024w, https:\/\/integra-netz.de\/verein\/irakisch-kurdischer-sport-und-kulturverein\/wp-content\/uploads\/sites\/16\/2019\/06\/IMG-20190610-WA0003-300x146.jpg 300w, https:\/\/integra-netz.de\/verein\/irakisch-kurdischer-sport-und-kulturverein\/wp-content\/uploads\/sites\/16\/2019\/06\/IMG-20190610-WA0003-768x373.jpg 768w, https:\/\/integra-netz.de\/verein\/irakisch-kurdischer-sport-und-kulturverein\/wp-content\/uploads\/sites\/16\/2019\/06\/IMG-20190610-WA0003.jpg 1600w\" sizes=\"auto, (max-width: 767px) 89vw, (max-width: 1000px) 54vw, (max-width: 1071px) 543px, 580px\" \/><\/a><\/figure><\/li><li class=\"blocks-gallery-item\"><figure><a href=\"http:\/\/integra-netz.de\/verein\/irakisch-kurdischer-sport-und-kulturverein\/wp-content\/uploads\/sites\/16\/2019\/06\/IMG-20190610-WA0004.jpg\"><img loading=\"lazy\" decoding=\"async\" width=\"1024\" height=\"768\" src=\"http:\/\/integra-netz.de\/verein\/irakisch-kurdischer-sport-und-kulturverein\/wp-content\/uploads\/sites\/16\/2019\/06\/IMG-20190610-WA0004-1024x768.jpg\" alt=\"\" data-id=\"913\" data-full-url=\"http:\/\/integra-netz.de\/verein\/irakisch-kurdischer-sport-und-kulturverein\/wp-content\/uploads\/sites\/16\/2019\/06\/IMG-20190610-WA0004.jpg\" data-link=\"http:\/\/integra-netz.de\/verein\/irakisch-kurdischer-sport-und-kulturverein\/aktuelles-2\/img-20190610-wa0004\/\" class=\"wp-image-913\" srcset=\"https:\/\/integra-netz.de\/verein\/irakisch-kurdischer-sport-und-kulturverein\/wp-content\/uploads\/sites\/16\/2019\/06\/IMG-20190610-WA0004-1024x768.jpg 1024w, https:\/\/integra-netz.de\/verein\/irakisch-kurdischer-sport-und-kulturverein\/wp-content\/uploads\/sites\/16\/2019\/06\/IMG-20190610-WA0004-300x225.jpg 300w, https:\/\/integra-netz.de\/verein\/irakisch-kurdischer-sport-und-kulturverein\/wp-content\/uploads\/sites\/16\/2019\/06\/IMG-20190610-WA0004-768x576.jpg 768w, https:\/\/integra-netz.de\/verein\/irakisch-kurdischer-sport-und-kulturverein\/wp-content\/uploads\/sites\/16\/2019\/06\/IMG-20190610-WA0004.jpg 1600w\" sizes=\"auto, (max-width: 767px) 89vw, (max-width: 1000px) 54vw, (max-width: 1071px) 543px, 580px\" \/><\/a><\/figure><\/li><li class=\"blocks-gallery-item\"><figure><a href=\"http:\/\/integra-netz.de\/verein\/irakisch-kurdischer-sport-und-kulturverein\/wp-content\/uploads\/sites\/16\/2019\/06\/IMG-20190610-WA0005.jpg\"><img loading=\"lazy\" decoding=\"async\" width=\"1024\" height=\"768\" src=\"http:\/\/integra-netz.de\/verein\/irakisch-kurdischer-sport-und-kulturverein\/wp-content\/uploads\/sites\/16\/2019\/06\/IMG-20190610-WA0005-1024x768.jpg\" alt=\"\" data-id=\"914\" data-full-url=\"http:\/\/integra-netz.de\/verein\/irakisch-kurdischer-sport-und-kulturverein\/wp-content\/uploads\/sites\/16\/2019\/06\/IMG-20190610-WA0005.jpg\" data-link=\"http:\/\/integra-netz.de\/verein\/irakisch-kurdischer-sport-und-kulturverein\/aktuelles-2\/img-20190610-wa0005\/\" class=\"wp-image-914\" srcset=\"https:\/\/integra-netz.de\/verein\/irakisch-kurdischer-sport-und-kulturverein\/wp-content\/uploads\/sites\/16\/2019\/06\/IMG-20190610-WA0005-1024x768.jpg 1024w, https:\/\/integra-netz.de\/verein\/irakisch-kurdischer-sport-und-kulturverein\/wp-content\/uploads\/sites\/16\/2019\/06\/IMG-20190610-WA0005-300x225.jpg 300w, https:\/\/integra-netz.de\/verein\/irakisch-kurdischer-sport-und-kulturverein\/wp-content\/uploads\/sites\/16\/2019\/06\/IMG-20190610-WA0005-768x576.jpg 768w, https:\/\/integra-netz.de\/verein\/irakisch-kurdischer-sport-und-kulturverein\/wp-content\/uploads\/sites\/16\/2019\/06\/IMG-20190610-WA0005.jpg 1600w\" sizes=\"auto, (max-width: 767px) 89vw, (max-width: 1000px) 54vw, (max-width: 1071px) 543px, 580px\" \/><\/a><\/figure><\/li><li class=\"blocks-gallery-item\"><figure><a href=\"http:\/\/integra-netz.de\/verein\/irakisch-kurdischer-sport-und-kulturverein\/wp-content\/uploads\/sites\/16\/2019\/06\/IMG-20190610-WA0006.jpg\"><img loading=\"lazy\" decoding=\"async\" width=\"1024\" height=\"768\" src=\"http:\/\/integra-netz.de\/verein\/irakisch-kurdischer-sport-und-kulturverein\/wp-content\/uploads\/sites\/16\/2019\/06\/IMG-20190610-WA0006-1024x768.jpg\" alt=\"\" data-id=\"915\" data-full-url=\"http:\/\/integra-netz.de\/verein\/irakisch-kurdischer-sport-und-kulturverein\/wp-content\/uploads\/sites\/16\/2019\/06\/IMG-20190610-WA0006.jpg\" data-link=\"http:\/\/integra-netz.de\/verein\/irakisch-kurdischer-sport-und-kulturverein\/aktuelles-2\/img-20190610-wa0006\/\" class=\"wp-image-915\" srcset=\"https:\/\/integra-netz.de\/verein\/irakisch-kurdischer-sport-und-kulturverein\/wp-content\/uploads\/sites\/16\/2019\/06\/IMG-20190610-WA0006-1024x768.jpg 1024w, https:\/\/integra-netz.de\/verein\/irakisch-kurdischer-sport-und-kulturverein\/wp-content\/uploads\/sites\/16\/2019\/06\/IMG-20190610-WA0006-300x225.jpg 300w, https:\/\/integra-netz.de\/verein\/irakisch-kurdischer-sport-und-kulturverein\/wp-content\/uploads\/sites\/16\/2019\/06\/IMG-20190610-WA0006-768x576.jpg 768w, https:\/\/integra-netz.de\/verein\/irakisch-kurdischer-sport-und-kulturverein\/wp-content\/uploads\/sites\/16\/2019\/06\/IMG-20190610-WA0006.jpg 1600w\" sizes=\"auto, (max-width: 767px) 89vw, (max-width: 1000px) 54vw, (max-width: 1071px) 543px, 580px\" \/><\/a><\/figure><\/li><li class=\"blocks-gallery-item\"><figure><a href=\"http:\/\/integra-netz.de\/verein\/irakisch-kurdischer-sport-und-kulturverein\/wp-content\/uploads\/sites\/16\/2019\/06\/IMG-20190610-WA0007.jpg\"><img loading=\"lazy\" decoding=\"async\" width=\"768\" height=\"1024\" src=\"http:\/\/integra-netz.de\/verein\/irakisch-kurdischer-sport-und-kulturverein\/wp-content\/uploads\/sites\/16\/2019\/06\/IMG-20190610-WA0007-768x1024.jpg\" alt=\"\" data-id=\"916\" data-full-url=\"http:\/\/integra-netz.de\/verein\/irakisch-kurdischer-sport-und-kulturverein\/wp-content\/uploads\/sites\/16\/2019\/06\/IMG-20190610-WA0007.jpg\" data-link=\"http:\/\/integra-netz.de\/verein\/irakisch-kurdischer-sport-und-kulturverein\/aktuelles-2\/img-20190610-wa0007\/\" class=\"wp-image-916\" srcset=\"https:\/\/integra-netz.de\/verein\/irakisch-kurdischer-sport-und-kulturverein\/wp-content\/uploads\/sites\/16\/2019\/06\/IMG-20190610-WA0007-768x1024.jpg 768w, https:\/\/integra-netz.de\/verein\/irakisch-kurdischer-sport-und-kulturverein\/wp-content\/uploads\/sites\/16\/2019\/06\/IMG-20190610-WA0007-225x300.jpg 225w, https:\/\/integra-netz.de\/verein\/irakisch-kurdischer-sport-und-kulturverein\/wp-content\/uploads\/sites\/16\/2019\/06\/IMG-20190610-WA0007.jpg 1200w\" sizes=\"auto, (max-width: 767px) 89vw, (max-width: 1000px) 54vw, (max-width: 1071px) 543px, 580px\" \/><\/a><\/figure><\/li><li class=\"blocks-gallery-item\"><figure><a href=\"http:\/\/integra-netz.de\/verein\/irakisch-kurdischer-sport-und-kulturverein\/wp-content\/uploads\/sites\/16\/2019\/06\/IMG-20190610-WA0008.jpg\"><img loading=\"lazy\" decoding=\"async\" width=\"1024\" height=\"497\" src=\"http:\/\/integra-netz.de\/verein\/irakisch-kurdischer-sport-und-kulturverein\/wp-content\/uploads\/sites\/16\/2019\/06\/IMG-20190610-WA0008-1024x497.jpg\" alt=\"\" data-id=\"917\" data-full-url=\"http:\/\/integra-netz.de\/verein\/irakisch-kurdischer-sport-und-kulturverein\/wp-content\/uploads\/sites\/16\/2019\/06\/IMG-20190610-WA0008.jpg\" data-link=\"http:\/\/integra-netz.de\/verein\/irakisch-kurdischer-sport-und-kulturverein\/aktuelles-2\/img-20190610-wa0008\/\" class=\"wp-image-917\" srcset=\"https:\/\/integra-netz.de\/verein\/irakisch-kurdischer-sport-und-kulturverein\/wp-content\/uploads\/sites\/16\/2019\/06\/IMG-20190610-WA0008-1024x497.jpg 1024w, https:\/\/integra-netz.de\/verein\/irakisch-kurdischer-sport-und-kulturverein\/wp-content\/uploads\/sites\/16\/2019\/06\/IMG-20190610-WA0008-300x146.jpg 300w, https:\/\/integra-netz.de\/verein\/irakisch-kurdischer-sport-und-kulturverein\/wp-content\/uploads\/sites\/16\/2019\/06\/IMG-20190610-WA0008-768x373.jpg 768w, https:\/\/integra-netz.de\/verein\/irakisch-kurdischer-sport-und-kulturverein\/wp-content\/uploads\/sites\/16\/2019\/06\/IMG-20190610-WA0008.jpg 1280w\" sizes=\"auto, (max-width: 767px) 89vw, (max-width: 1000px) 54vw, (max-width: 1071px) 543px, 580px\" \/><\/a><\/figure><\/li><li class=\"blocks-gallery-item\"><figure><a href=\"http:\/\/integra-netz.de\/verein\/irakisch-kurdischer-sport-und-kulturverein\/wp-content\/uploads\/sites\/16\/2019\/06\/IMG-20190610-WA0009.jpg\"><img loading=\"lazy\" decoding=\"async\" width=\"1024\" height=\"577\" src=\"http:\/\/integra-netz.de\/verein\/irakisch-kurdischer-sport-und-kulturverein\/wp-content\/uploads\/sites\/16\/2019\/06\/IMG-20190610-WA0009-1024x577.jpg\" alt=\"\" data-id=\"918\" data-full-url=\"http:\/\/integra-netz.de\/verein\/irakisch-kurdischer-sport-und-kulturverein\/wp-content\/uploads\/sites\/16\/2019\/06\/IMG-20190610-WA0009.jpg\" data-link=\"http:\/\/integra-netz.de\/verein\/irakisch-kurdischer-sport-und-kulturverein\/aktuelles-2\/img-20190610-wa0009\/\" class=\"wp-image-918\" srcset=\"https:\/\/integra-netz.de\/verein\/irakisch-kurdischer-sport-und-kulturverein\/wp-content\/uploads\/sites\/16\/2019\/06\/IMG-20190610-WA0009-1024x577.jpg 1024w, https:\/\/integra-netz.de\/verein\/irakisch-kurdischer-sport-und-kulturverein\/wp-content\/uploads\/sites\/16\/2019\/06\/IMG-20190610-WA0009-300x169.jpg 300w, https:\/\/integra-netz.de\/verein\/irakisch-kurdischer-sport-und-kulturverein\/wp-content\/uploads\/sites\/16\/2019\/06\/IMG-20190610-WA0009-768x433.jpg 768w, https:\/\/integra-netz.de\/verein\/irakisch-kurdischer-sport-und-kulturverein\/wp-content\/uploads\/sites\/16\/2019\/06\/IMG-20190610-WA0009.jpg 1136w\" sizes=\"auto, (max-width: 767px) 89vw, (max-width: 1000px) 54vw, (max-width: 1071px) 543px, 580px\" \/><\/a><\/figure><\/li><li class=\"blocks-gallery-item\"><figure><a href=\"http:\/\/integra-netz.de\/verein\/irakisch-kurdischer-sport-und-kulturverein\/wp-content\/uploads\/sites\/16\/2019\/06\/IMG-20190610-WA0010.jpg\"><img loading=\"lazy\" decoding=\"async\" width=\"577\" height=\"1024\" src=\"http:\/\/integra-netz.de\/verein\/irakisch-kurdischer-sport-und-kulturverein\/wp-content\/uploads\/sites\/16\/2019\/06\/IMG-20190610-WA0010-577x1024.jpg\" alt=\"\" data-id=\"919\" data-full-url=\"http:\/\/integra-netz.de\/verein\/irakisch-kurdischer-sport-und-kulturverein\/wp-content\/uploads\/sites\/16\/2019\/06\/IMG-20190610-WA0010.jpg\" data-link=\"http:\/\/integra-netz.de\/verein\/irakisch-kurdischer-sport-und-kulturverein\/aktuelles-2\/img-20190610-wa0010\/\" class=\"wp-image-919\" srcset=\"https:\/\/integra-netz.de\/verein\/irakisch-kurdischer-sport-und-kulturverein\/wp-content\/uploads\/sites\/16\/2019\/06\/IMG-20190610-WA0010-577x1024.jpg 577w, https:\/\/integra-netz.de\/verein\/irakisch-kurdischer-sport-und-kulturverein\/wp-content\/uploads\/sites\/16\/2019\/06\/IMG-20190610-WA0010-169x300.jpg 169w, https:\/\/integra-netz.de\/verein\/irakisch-kurdischer-sport-und-kulturverein\/wp-content\/uploads\/sites\/16\/2019\/06\/IMG-20190610-WA0010.jpg 640w\" sizes=\"auto, (max-width: 577px) 100vw, 577px\" \/><\/a><\/figure><\/li><li class=\"blocks-gallery-item\"><figure><a href=\"http:\/\/integra-netz.de\/verein\/irakisch-kurdischer-sport-und-kulturverein\/wp-content\/uploads\/sites\/16\/2019\/06\/IMG-20190610-WA0011.jpg\"><img loading=\"lazy\" decoding=\"async\" width=\"1024\" height=\"768\" src=\"http:\/\/integra-netz.de\/verein\/irakisch-kurdischer-sport-und-kulturverein\/wp-content\/uploads\/sites\/16\/2019\/06\/IMG-20190610-WA0011-1024x768.jpg\" alt=\"\" data-id=\"920\" data-full-url=\"http:\/\/integra-netz.de\/verein\/irakisch-kurdischer-sport-und-kulturverein\/wp-content\/uploads\/sites\/16\/2019\/06\/IMG-20190610-WA0011.jpg\" data-link=\"http:\/\/integra-netz.de\/verein\/irakisch-kurdischer-sport-und-kulturverein\/aktuelles-2\/img-20190610-wa0011\/\" class=\"wp-image-920\" srcset=\"https:\/\/integra-netz.de\/verein\/irakisch-kurdischer-sport-und-kulturverein\/wp-content\/uploads\/sites\/16\/2019\/06\/IMG-20190610-WA0011-1024x768.jpg 1024w, https:\/\/integra-netz.de\/verein\/irakisch-kurdischer-sport-und-kulturverein\/wp-content\/uploads\/sites\/16\/2019\/06\/IMG-20190610-WA0011-300x225.jpg 300w, https:\/\/integra-netz.de\/verein\/irakisch-kurdischer-sport-und-kulturverein\/wp-content\/uploads\/sites\/16\/2019\/06\/IMG-20190610-WA0011-768x576.jpg 768w, https:\/\/integra-netz.de\/verein\/irakisch-kurdischer-sport-und-kulturverein\/wp-content\/uploads\/sites\/16\/2019\/06\/IMG-20190610-WA0011.jpg 1600w\" sizes=\"auto, (max-width: 767px) 89vw, (max-width: 1000px) 54vw, (max-width: 1071px) 543px, 580px\" \/><\/a><\/figure><\/li><li class=\"blocks-gallery-item\"><figure><a href=\"http:\/\/integra-netz.de\/verein\/irakisch-kurdischer-sport-und-kulturverein\/wp-content\/uploads\/sites\/16\/2019\/06\/IMG-20190610-WA0012.jpg\"><img loading=\"lazy\" decoding=\"async\" width=\"1024\" height=\"768\" src=\"http:\/\/integra-netz.de\/verein\/irakisch-kurdischer-sport-und-kulturverein\/wp-content\/uploads\/sites\/16\/2019\/06\/IMG-20190610-WA0012-1024x768.jpg\" alt=\"\" data-id=\"921\" data-full-url=\"http:\/\/integra-netz.de\/verein\/irakisch-kurdischer-sport-und-kulturverein\/wp-content\/uploads\/sites\/16\/2019\/06\/IMG-20190610-WA0012.jpg\" data-link=\"http:\/\/integra-netz.de\/verein\/irakisch-kurdischer-sport-und-kulturverein\/aktuelles-2\/img-20190610-wa0012\/\" class=\"wp-image-921\" srcset=\"https:\/\/integra-netz.de\/verein\/irakisch-kurdischer-sport-und-kulturverein\/wp-content\/uploads\/sites\/16\/2019\/06\/IMG-20190610-WA0012-1024x768.jpg 1024w, https:\/\/integra-netz.de\/verein\/irakisch-kurdischer-sport-und-kulturverein\/wp-content\/uploads\/sites\/16\/2019\/06\/IMG-20190610-WA0012-300x225.jpg 300w, https:\/\/integra-netz.de\/verein\/irakisch-kurdischer-sport-und-kulturverein\/wp-content\/uploads\/sites\/16\/2019\/06\/IMG-20190610-WA0012-768x576.jpg 768w, https:\/\/integra-netz.de\/verein\/irakisch-kurdischer-sport-und-kulturverein\/wp-content\/uploads\/sites\/16\/2019\/06\/IMG-20190610-WA0012.jpg 1600w\" sizes=\"auto, (max-width: 767px) 89vw, (max-width: 1000px) 54vw, (max-width: 1071px) 543px, 580px\" \/><\/a><\/figure><\/li><li class=\"blocks-gallery-item\"><figure><a href=\"http:\/\/integra-netz.de\/verein\/irakisch-kurdischer-sport-und-kulturverein\/wp-content\/uploads\/sites\/16\/2019\/06\/IMG-20190610-WA0013.jpg\"><img loading=\"lazy\" decoding=\"async\" width=\"1024\" height=\"768\" src=\"http:\/\/integra-netz.de\/verein\/irakisch-kurdischer-sport-und-kulturverein\/wp-content\/uploads\/sites\/16\/2019\/06\/IMG-20190610-WA0013-1024x768.jpg\" alt=\"\" data-id=\"922\" data-full-url=\"http:\/\/integra-netz.de\/verein\/irakisch-kurdischer-sport-und-kulturverein\/wp-content\/uploads\/sites\/16\/2019\/06\/IMG-20190610-WA0013.jpg\" data-link=\"http:\/\/integra-netz.de\/verein\/irakisch-kurdischer-sport-und-kulturverein\/aktuelles-2\/img-20190610-wa0013\/\" class=\"wp-image-922\" srcset=\"https:\/\/integra-netz.de\/verein\/irakisch-kurdischer-sport-und-kulturverein\/wp-content\/uploads\/sites\/16\/2019\/06\/IMG-20190610-WA0013-1024x768.jpg 1024w, https:\/\/integra-netz.de\/verein\/irakisch-kurdischer-sport-und-kulturverein\/wp-content\/uploads\/sites\/16\/2019\/06\/IMG-20190610-WA0013-300x225.jpg 300w, https:\/\/integra-netz.de\/verein\/irakisch-kurdischer-sport-und-kulturverein\/wp-content\/uploads\/sites\/16\/2019\/06\/IMG-20190610-WA0013-768x576.jpg 768w, https:\/\/integra-netz.de\/verein\/irakisch-kurdischer-sport-und-kulturverein\/wp-content\/uploads\/sites\/16\/2019\/06\/IMG-20190610-WA0013.jpg 1600w\" sizes=\"auto, (max-width: 767px) 89vw, (max-width: 1000px) 54vw, (max-width: 1071px) 543px, 580px\" \/><\/a><\/figure><\/li><li class=\"blocks-gallery-item\"><figure><a href=\"http:\/\/integra-netz.de\/verein\/irakisch-kurdischer-sport-und-kulturverein\/wp-content\/uploads\/sites\/16\/2019\/06\/IMG-20190610-WA0014.jpg\"><img loading=\"lazy\" decoding=\"async\" width=\"1024\" height=\"768\" src=\"http:\/\/integra-netz.de\/verein\/irakisch-kurdischer-sport-und-kulturverein\/wp-content\/uploads\/sites\/16\/2019\/06\/IMG-20190610-WA0014-1024x768.jpg\" alt=\"\" data-id=\"923\" data-full-url=\"http:\/\/integra-netz.de\/verein\/irakisch-kurdischer-sport-und-kulturverein\/wp-content\/uploads\/sites\/16\/2019\/06\/IMG-20190610-WA0014.jpg\" data-link=\"http:\/\/integra-netz.de\/verein\/irakisch-kurdischer-sport-und-kulturverein\/aktuelles-2\/img-20190610-wa0014\/\" class=\"wp-image-923\" srcset=\"https:\/\/integra-netz.de\/verein\/irakisch-kurdischer-sport-und-kulturverein\/wp-content\/uploads\/sites\/16\/2019\/06\/IMG-20190610-WA0014-1024x768.jpg 1024w, https:\/\/integra-netz.de\/verein\/irakisch-kurdischer-sport-und-kulturverein\/wp-content\/uploads\/sites\/16\/2019\/06\/IMG-20190610-WA0014-300x225.jpg 300w, https:\/\/integra-netz.de\/verein\/irakisch-kurdischer-sport-und-kulturverein\/wp-content\/uploads\/sites\/16\/2019\/06\/IMG-20190610-WA0014-768x576.jpg 768w, https:\/\/integra-netz.de\/verein\/irakisch-kurdischer-sport-und-kulturverein\/wp-content\/uploads\/sites\/16\/2019\/06\/IMG-20190610-WA0014.jpg 1600w\" sizes=\"auto, (max-width: 767px) 89vw, (max-width: 1000px) 54vw, (max-width: 1071px) 543px, 580px\" \/><\/a><\/figure><\/li><li class=\"blocks-gallery-item\"><figure><a href=\"http:\/\/integra-netz.de\/verein\/irakisch-kurdischer-sport-und-kulturverein\/wp-content\/uploads\/sites\/16\/2019\/06\/IMG-20190610-WA0015.jpg\"><img loading=\"lazy\" decoding=\"async\" width=\"1024\" height=\"768\" src=\"http:\/\/integra-netz.de\/verein\/irakisch-kurdischer-sport-und-kulturverein\/wp-content\/uploads\/sites\/16\/2019\/06\/IMG-20190610-WA0015-1024x768.jpg\" alt=\"\" data-id=\"924\" data-full-url=\"http:\/\/integra-netz.de\/verein\/irakisch-kurdischer-sport-und-kulturverein\/wp-content\/uploads\/sites\/16\/2019\/06\/IMG-20190610-WA0015.jpg\" data-link=\"http:\/\/integra-netz.de\/verein\/irakisch-kurdischer-sport-und-kulturverein\/aktuelles-2\/img-20190610-wa0015\/\" class=\"wp-image-924\" srcset=\"https:\/\/integra-netz.de\/verein\/irakisch-kurdischer-sport-und-kulturverein\/wp-content\/uploads\/sites\/16\/2019\/06\/IMG-20190610-WA0015-1024x768.jpg 1024w, https:\/\/integra-netz.de\/verein\/irakisch-kurdischer-sport-und-kulturverein\/wp-content\/uploads\/sites\/16\/2019\/06\/IMG-20190610-WA0015-300x225.jpg 300w, https:\/\/integra-netz.de\/verein\/irakisch-kurdischer-sport-und-kulturverein\/wp-content\/uploads\/sites\/16\/2019\/06\/IMG-20190610-WA0015-768x576.jpg 768w, https:\/\/integra-netz.de\/verein\/irakisch-kurdischer-sport-und-kulturverein\/wp-content\/uploads\/sites\/16\/2019\/06\/IMG-20190610-WA0015.jpg 1600w\" sizes=\"auto, (max-width: 767px) 89vw, (max-width: 1000px) 54vw, (max-width: 1071px) 543px, 580px\" \/><\/a><\/figure><\/li><li class=\"blocks-gallery-item\"><figure><a href=\"http:\/\/integra-netz.de\/verein\/irakisch-kurdischer-sport-und-kulturverein\/wp-content\/uploads\/sites\/16\/2019\/06\/IMG-20190610-WA0016.jpg\"><img loading=\"lazy\" decoding=\"async\" width=\"1024\" height=\"520\" src=\"http:\/\/integra-netz.de\/verein\/irakisch-kurdischer-sport-und-kulturverein\/wp-content\/uploads\/sites\/16\/2019\/06\/IMG-20190610-WA0016-1024x520.jpg\" alt=\"\" data-id=\"925\" data-full-url=\"http:\/\/integra-netz.de\/verein\/irakisch-kurdischer-sport-und-kulturverein\/wp-content\/uploads\/sites\/16\/2019\/06\/IMG-20190610-WA0016.jpg\" data-link=\"http:\/\/integra-netz.de\/verein\/irakisch-kurdischer-sport-und-kulturverein\/aktuelles-2\/img-20190610-wa0016\/\" class=\"wp-image-925\" srcset=\"https:\/\/integra-netz.de\/verein\/irakisch-kurdischer-sport-und-kulturverein\/wp-content\/uploads\/sites\/16\/2019\/06\/IMG-20190610-WA0016-1024x520.jpg 1024w, https:\/\/integra-netz.de\/verein\/irakisch-kurdischer-sport-und-kulturverein\/wp-content\/uploads\/sites\/16\/2019\/06\/IMG-20190610-WA0016-300x152.jpg 300w, https:\/\/integra-netz.de\/verein\/irakisch-kurdischer-sport-und-kulturverein\/wp-content\/uploads\/sites\/16\/2019\/06\/IMG-20190610-WA0016-768x390.jpg 768w, https:\/\/integra-netz.de\/verein\/irakisch-kurdischer-sport-und-kulturverein\/wp-content\/uploads\/sites\/16\/2019\/06\/IMG-20190610-WA0016.jpg 1280w\" sizes=\"auto, (max-width: 767px) 89vw, (max-width: 1000px) 54vw, (max-width: 1071px) 543px, 580px\" \/><\/a><\/figure><\/li><li class=\"blocks-gallery-item\"><figure><a href=\"http:\/\/integra-netz.de\/verein\/irakisch-kurdischer-sport-und-kulturverein\/wp-content\/uploads\/sites\/16\/2019\/06\/IMG-20190610-WA0017.jpg\"><img loading=\"lazy\" decoding=\"async\" width=\"768\" height=\"1024\" src=\"http:\/\/integra-netz.de\/verein\/irakisch-kurdischer-sport-und-kulturverein\/wp-content\/uploads\/sites\/16\/2019\/06\/IMG-20190610-WA0017-768x1024.jpg\" alt=\"\" data-id=\"926\" data-full-url=\"http:\/\/integra-netz.de\/verein\/irakisch-kurdischer-sport-und-kulturverein\/wp-content\/uploads\/sites\/16\/2019\/06\/IMG-20190610-WA0017.jpg\" data-link=\"http:\/\/integra-netz.de\/verein\/irakisch-kurdischer-sport-und-kulturverein\/aktuelles-2\/img-20190610-wa0017\/\" class=\"wp-image-926\" srcset=\"https:\/\/integra-netz.de\/verein\/irakisch-kurdischer-sport-und-kulturverein\/wp-content\/uploads\/sites\/16\/2019\/06\/IMG-20190610-WA0017-768x1024.jpg 768w, https:\/\/integra-netz.de\/verein\/irakisch-kurdischer-sport-und-kulturverein\/wp-content\/uploads\/sites\/16\/2019\/06\/IMG-20190610-WA0017-225x300.jpg 225w, https:\/\/integra-netz.de\/verein\/irakisch-kurdischer-sport-und-kulturverein\/wp-content\/uploads\/sites\/16\/2019\/06\/IMG-20190610-WA0017.jpg 960w\" sizes=\"auto, (max-width: 767px) 89vw, (max-width: 1000px) 54vw, (max-width: 1071px) 543px, 580px\" \/><\/a><\/figure><\/li><li class=\"blocks-gallery-item\"><figure><a href=\"http:\/\/integra-netz.de\/verein\/irakisch-kurdischer-sport-und-kulturverein\/wp-content\/uploads\/sites\/16\/2019\/06\/IMG-20190610-WA0018.jpg\"><img loading=\"lazy\" decoding=\"async\" width=\"1024\" height=\"768\" src=\"http:\/\/integra-netz.de\/verein\/irakisch-kurdischer-sport-und-kulturverein\/wp-content\/uploads\/sites\/16\/2019\/06\/IMG-20190610-WA0018-1024x768.jpg\" alt=\"\" data-id=\"927\" data-full-url=\"http:\/\/integra-netz.de\/verein\/irakisch-kurdischer-sport-und-kulturverein\/wp-content\/uploads\/sites\/16\/2019\/06\/IMG-20190610-WA0018.jpg\" data-link=\"http:\/\/integra-netz.de\/verein\/irakisch-kurdischer-sport-und-kulturverein\/aktuelles-2\/img-20190610-wa0018\/\" class=\"wp-image-927\" srcset=\"https:\/\/integra-netz.de\/verein\/irakisch-kurdischer-sport-und-kulturverein\/wp-content\/uploads\/sites\/16\/2019\/06\/IMG-20190610-WA0018-1024x768.jpg 1024w, https:\/\/integra-netz.de\/verein\/irakisch-kurdischer-sport-und-kulturverein\/wp-content\/uploads\/sites\/16\/2019\/06\/IMG-20190610-WA0018-300x225.jpg 300w, https:\/\/integra-netz.de\/verein\/irakisch-kurdischer-sport-und-kulturverein\/wp-content\/uploads\/sites\/16\/2019\/06\/IMG-20190610-WA0018-768x576.jpg 768w, https:\/\/integra-netz.de\/verein\/irakisch-kurdischer-sport-und-kulturverein\/wp-content\/uploads\/sites\/16\/2019\/06\/IMG-20190610-WA0018.jpg 1600w\" sizes=\"auto, (max-width: 767px) 89vw, (max-width: 1000px) 54vw, (max-width: 1071px) 543px, 580px\" \/><\/a><\/figure><\/li><li class=\"blocks-gallery-item\"><figure><a href=\"http:\/\/integra-netz.de\/verein\/irakisch-kurdischer-sport-und-kulturverein\/wp-content\/uploads\/sites\/16\/2019\/06\/IMG-20190610-WA0019.jpg\"><img loading=\"lazy\" decoding=\"async\" width=\"1024\" height=\"497\" src=\"http:\/\/integra-netz.de\/verein\/irakisch-kurdischer-sport-und-kulturverein\/wp-content\/uploads\/sites\/16\/2019\/06\/IMG-20190610-WA0019-1024x497.jpg\" alt=\"\" data-id=\"928\" data-full-url=\"http:\/\/integra-netz.de\/verein\/irakisch-kurdischer-sport-und-kulturverein\/wp-content\/uploads\/sites\/16\/2019\/06\/IMG-20190610-WA0019.jpg\" data-link=\"http:\/\/integra-netz.de\/verein\/irakisch-kurdischer-sport-und-kulturverein\/aktuelles-2\/img-20190610-wa0019\/\" class=\"wp-image-928\" srcset=\"https:\/\/integra-netz.de\/verein\/irakisch-kurdischer-sport-und-kulturverein\/wp-content\/uploads\/sites\/16\/2019\/06\/IMG-20190610-WA0019-1024x497.jpg 1024w, https:\/\/integra-netz.de\/verein\/irakisch-kurdischer-sport-und-kulturverein\/wp-content\/uploads\/sites\/16\/2019\/06\/IMG-20190610-WA0019-300x146.jpg 300w, https:\/\/integra-netz.de\/verein\/irakisch-kurdischer-sport-und-kulturverein\/wp-content\/uploads\/sites\/16\/2019\/06\/IMG-20190610-WA0019-768x373.jpg 768w, https:\/\/integra-netz.de\/verein\/irakisch-kurdischer-sport-und-kulturverein\/wp-content\/uploads\/sites\/16\/2019\/06\/IMG-20190610-WA0019.jpg 1600w\" sizes=\"auto, (max-width: 767px) 89vw, (max-width: 1000px) 54vw, (max-width: 1071px) 543px, 580px\" \/><\/a><\/figure><\/li><li class=\"blocks-gallery-item\"><figure><a href=\"http:\/\/integra-netz.de\/verein\/irakisch-kurdischer-sport-und-kulturverein\/wp-content\/uploads\/sites\/16\/2019\/06\/IMG-20190610-WA0020.jpg\"><img loading=\"lazy\" decoding=\"async\" width=\"1024\" height=\"497\" src=\"http:\/\/integra-netz.de\/verein\/irakisch-kurdischer-sport-und-kulturverein\/wp-content\/uploads\/sites\/16\/2019\/06\/IMG-20190610-WA0020-1024x497.jpg\" alt=\"\" data-id=\"929\" data-full-url=\"http:\/\/integra-netz.de\/verein\/irakisch-kurdischer-sport-und-kulturverein\/wp-content\/uploads\/sites\/16\/2019\/06\/IMG-20190610-WA0020.jpg\" data-link=\"http:\/\/integra-netz.de\/verein\/irakisch-kurdischer-sport-und-kulturverein\/aktuelles-2\/img-20190610-wa0020\/\" class=\"wp-image-929\" srcset=\"https:\/\/integra-netz.de\/verein\/irakisch-kurdischer-sport-und-kulturverein\/wp-content\/uploads\/sites\/16\/2019\/06\/IMG-20190610-WA0020-1024x497.jpg 1024w, https:\/\/integra-netz.de\/verein\/irakisch-kurdischer-sport-und-kulturverein\/wp-content\/uploads\/sites\/16\/2019\/06\/IMG-20190610-WA0020-300x146.jpg 300w, https:\/\/integra-netz.de\/verein\/irakisch-kurdischer-sport-und-kulturverein\/wp-content\/uploads\/sites\/16\/2019\/06\/IMG-20190610-WA0020-768x373.jpg 768w, https:\/\/integra-netz.de\/verein\/irakisch-kurdischer-sport-und-kulturverein\/wp-content\/uploads\/sites\/16\/2019\/06\/IMG-20190610-WA0020.jpg 1600w\" sizes=\"auto, (max-width: 767px) 89vw, (max-width: 1000px) 54vw, (max-width: 1071px) 543px, 580px\" \/><\/a><\/figure><\/li><li class=\"blocks-gallery-item\"><figure><a href=\"http:\/\/integra-netz.de\/verein\/irakisch-kurdischer-sport-und-kulturverein\/wp-content\/uploads\/sites\/16\/2019\/06\/IMG-20190610-WA0021.jpg\"><img loading=\"lazy\" decoding=\"async\" width=\"1024\" height=\"497\" src=\"http:\/\/integra-netz.de\/verein\/irakisch-kurdischer-sport-und-kulturverein\/wp-content\/uploads\/sites\/16\/2019\/06\/IMG-20190610-WA0021-1024x497.jpg\" alt=\"\" data-id=\"930\" data-full-url=\"http:\/\/integra-netz.de\/verein\/irakisch-kurdischer-sport-und-kulturverein\/wp-content\/uploads\/sites\/16\/2019\/06\/IMG-20190610-WA0021.jpg\" data-link=\"http:\/\/integra-netz.de\/verein\/irakisch-kurdischer-sport-und-kulturverein\/aktuelles-2\/img-20190610-wa0021\/\" class=\"wp-image-930\" srcset=\"https:\/\/integra-netz.de\/verein\/irakisch-kurdischer-sport-und-kulturverein\/wp-content\/uploads\/sites\/16\/2019\/06\/IMG-20190610-WA0021-1024x497.jpg 1024w, https:\/\/integra-netz.de\/verein\/irakisch-kurdischer-sport-und-kulturverein\/wp-content\/uploads\/sites\/16\/2019\/06\/IMG-20190610-WA0021-300x146.jpg 300w, https:\/\/integra-netz.de\/verein\/irakisch-kurdischer-sport-und-kulturverein\/wp-content\/uploads\/sites\/16\/2019\/06\/IMG-20190610-WA0021-768x373.jpg 768w, https:\/\/integra-netz.de\/verein\/irakisch-kurdischer-sport-und-kulturverein\/wp-content\/uploads\/sites\/16\/2019\/06\/IMG-20190610-WA0021.jpg 1600w\" sizes=\"auto, (max-width: 767px) 89vw, (max-width: 1000px) 54vw, (max-width: 1071px) 543px, 580px\" \/><\/a><\/figure><\/li><li class=\"blocks-gallery-item\"><figure><a href=\"http:\/\/integra-netz.de\/verein\/irakisch-kurdischer-sport-und-kulturverein\/wp-content\/uploads\/sites\/16\/2019\/06\/IMG-20190610-WA0022.jpg\"><img loading=\"lazy\" decoding=\"async\" width=\"1024\" height=\"497\" src=\"http:\/\/integra-netz.de\/verein\/irakisch-kurdischer-sport-und-kulturverein\/wp-content\/uploads\/sites\/16\/2019\/06\/IMG-20190610-WA0022-1024x497.jpg\" alt=\"\" data-id=\"931\" data-full-url=\"http:\/\/integra-netz.de\/verein\/irakisch-kurdischer-sport-und-kulturverein\/wp-content\/uploads\/sites\/16\/2019\/06\/IMG-20190610-WA0022.jpg\" data-link=\"http:\/\/integra-netz.de\/verein\/irakisch-kurdischer-sport-und-kulturverein\/aktuelles-2\/img-20190610-wa0022\/\" class=\"wp-image-931\" srcset=\"https:\/\/integra-netz.de\/verein\/irakisch-kurdischer-sport-und-kulturverein\/wp-content\/uploads\/sites\/16\/2019\/06\/IMG-20190610-WA0022-1024x497.jpg 1024w, https:\/\/integra-netz.de\/verein\/irakisch-kurdischer-sport-und-kulturverein\/wp-content\/uploads\/sites\/16\/2019\/06\/IMG-20190610-WA0022-300x146.jpg 300w, https:\/\/integra-netz.de\/verein\/irakisch-kurdischer-sport-und-kulturverein\/wp-content\/uploads\/sites\/16\/2019\/06\/IMG-20190610-WA0022-768x373.jpg 768w, https:\/\/integra-netz.de\/verein\/irakisch-kurdischer-sport-und-kulturverein\/wp-content\/uploads\/sites\/16\/2019\/06\/IMG-20190610-WA0022.jpg 1600w\" sizes=\"auto, (max-width: 767px) 89vw, (max-width: 1000px) 54vw, (max-width: 1071px) 543px, 580px\" \/><\/a><\/figure><\/li><li class=\"blocks-gallery-item\"><figure><a href=\"http:\/\/integra-netz.de\/verein\/irakisch-kurdischer-sport-und-kulturverein\/wp-content\/uploads\/sites\/16\/2019\/06\/IMG-20190610-WA0023.jpg\"><img loading=\"lazy\" decoding=\"async\" width=\"1024\" height=\"497\" src=\"http:\/\/integra-netz.de\/verein\/irakisch-kurdischer-sport-und-kulturverein\/wp-content\/uploads\/sites\/16\/2019\/06\/IMG-20190610-WA0023-1024x497.jpg\" alt=\"\" data-id=\"932\" data-full-url=\"http:\/\/integra-netz.de\/verein\/irakisch-kurdischer-sport-und-kulturverein\/wp-content\/uploads\/sites\/16\/2019\/06\/IMG-20190610-WA0023.jpg\" data-link=\"http:\/\/integra-netz.de\/verein\/irakisch-kurdischer-sport-und-kulturverein\/aktuelles-2\/img-20190610-wa0023\/\" class=\"wp-image-932\" srcset=\"https:\/\/integra-netz.de\/verein\/irakisch-kurdischer-sport-und-kulturverein\/wp-content\/uploads\/sites\/16\/2019\/06\/IMG-20190610-WA0023-1024x497.jpg 1024w, https:\/\/integra-netz.de\/verein\/irakisch-kurdischer-sport-und-kulturverein\/wp-content\/uploads\/sites\/16\/2019\/06\/IMG-20190610-WA0023-300x146.jpg 300w, https:\/\/integra-netz.de\/verein\/irakisch-kurdischer-sport-und-kulturverein\/wp-content\/uploads\/sites\/16\/2019\/06\/IMG-20190610-WA0023-768x373.jpg 768w, https:\/\/integra-netz.de\/verein\/irakisch-kurdischer-sport-und-kulturverein\/wp-content\/uploads\/sites\/16\/2019\/06\/IMG-20190610-WA0023.jpg 1600w\" sizes=\"auto, (max-width: 767px) 89vw, (max-width: 1000px) 54vw, (max-width: 1071px) 543px, 580px\" \/><\/a><\/figure><\/li><li class=\"blocks-gallery-item\"><figure><a href=\"http:\/\/integra-netz.de\/verein\/irakisch-kurdischer-sport-und-kulturverein\/wp-content\/uploads\/sites\/16\/2019\/06\/IMG-20190610-WA0024.jpg\"><img loading=\"lazy\" decoding=\"async\" width=\"1024\" height=\"497\" src=\"http:\/\/integra-netz.de\/verein\/irakisch-kurdischer-sport-und-kulturverein\/wp-content\/uploads\/sites\/16\/2019\/06\/IMG-20190610-WA0024-1024x497.jpg\" alt=\"\" data-id=\"933\" data-full-url=\"http:\/\/integra-netz.de\/verein\/irakisch-kurdischer-sport-und-kulturverein\/wp-content\/uploads\/sites\/16\/2019\/06\/IMG-20190610-WA0024.jpg\" data-link=\"http:\/\/integra-netz.de\/verein\/irakisch-kurdischer-sport-und-kulturverein\/aktuelles-2\/img-20190610-wa0024\/\" class=\"wp-image-933\" srcset=\"https:\/\/integra-netz.de\/verein\/irakisch-kurdischer-sport-und-kulturverein\/wp-content\/uploads\/sites\/16\/2019\/06\/IMG-20190610-WA0024-1024x497.jpg 1024w, https:\/\/integra-netz.de\/verein\/irakisch-kurdischer-sport-und-kulturverein\/wp-content\/uploads\/sites\/16\/2019\/06\/IMG-20190610-WA0024-300x146.jpg 300w, https:\/\/integra-netz.de\/verein\/irakisch-kurdischer-sport-und-kulturverein\/wp-content\/uploads\/sites\/16\/2019\/06\/IMG-20190610-WA0024-768x373.jpg 768w, https:\/\/integra-netz.de\/verein\/irakisch-kurdischer-sport-und-kulturverein\/wp-content\/uploads\/sites\/16\/2019\/06\/IMG-20190610-WA0024.jpg 1600w\" sizes=\"auto, (max-width: 767px) 89vw, (max-width: 1000px) 54vw, (max-width: 1071px) 543px, 580px\" \/><\/a><\/figure><\/li><li class=\"blocks-gallery-item\"><figure><a href=\"http:\/\/integra-netz.de\/verein\/irakisch-kurdischer-sport-und-kulturverein\/wp-content\/uploads\/sites\/16\/2019\/06\/IMG-20190610-WA0025.jpg\"><img loading=\"lazy\" decoding=\"async\" width=\"1024\" height=\"768\" src=\"http:\/\/integra-netz.de\/verein\/irakisch-kurdischer-sport-und-kulturverein\/wp-content\/uploads\/sites\/16\/2019\/06\/IMG-20190610-WA0025-1024x768.jpg\" alt=\"\" data-id=\"934\" data-full-url=\"http:\/\/integra-netz.de\/verein\/irakisch-kurdischer-sport-und-kulturverein\/wp-content\/uploads\/sites\/16\/2019\/06\/IMG-20190610-WA0025.jpg\" data-link=\"http:\/\/integra-netz.de\/verein\/irakisch-kurdischer-sport-und-kulturverein\/aktuelles-2\/img-20190610-wa0025\/\" class=\"wp-image-934\" srcset=\"https:\/\/integra-netz.de\/verein\/irakisch-kurdischer-sport-und-kulturverein\/wp-content\/uploads\/sites\/16\/2019\/06\/IMG-20190610-WA0025-1024x768.jpg 1024w, https:\/\/integra-netz.de\/verein\/irakisch-kurdischer-sport-und-kulturverein\/wp-content\/uploads\/sites\/16\/2019\/06\/IMG-20190610-WA0025-300x225.jpg 300w, https:\/\/integra-netz.de\/verein\/irakisch-kurdischer-sport-und-kulturverein\/wp-content\/uploads\/sites\/16\/2019\/06\/IMG-20190610-WA0025-768x576.jpg 768w, https:\/\/integra-netz.de\/verein\/irakisch-kurdischer-sport-und-kulturverein\/wp-content\/uploads\/sites\/16\/2019\/06\/IMG-20190610-WA0025.jpg 1600w\" sizes=\"auto, (max-width: 767px) 89vw, (max-width: 1000px) 54vw, (max-width: 1071px) 543px, 580px\" \/><\/a><\/figure><\/li><li class=\"blocks-gallery-item\"><figure><a href=\"http:\/\/integra-netz.de\/verein\/irakisch-kurdischer-sport-und-kulturverein\/wp-content\/uploads\/sites\/16\/2019\/06\/IMG-20190610-WA0026.jpg\"><img loading=\"lazy\" decoding=\"async\" width=\"1024\" height=\"497\" src=\"http:\/\/integra-netz.de\/verein\/irakisch-kurdischer-sport-und-kulturverein\/wp-content\/uploads\/sites\/16\/2019\/06\/IMG-20190610-WA0026-1024x497.jpg\" alt=\"\" data-id=\"935\" data-full-url=\"http:\/\/integra-netz.de\/verein\/irakisch-kurdischer-sport-und-kulturverein\/wp-content\/uploads\/sites\/16\/2019\/06\/IMG-20190610-WA0026.jpg\" data-link=\"http:\/\/integra-netz.de\/verein\/irakisch-kurdischer-sport-und-kulturverein\/aktuelles-2\/img-20190610-wa0026\/\" class=\"wp-image-935\" srcset=\"https:\/\/integra-netz.de\/verein\/irakisch-kurdischer-sport-und-kulturverein\/wp-content\/uploads\/sites\/16\/2019\/06\/IMG-20190610-WA0026-1024x497.jpg 1024w, https:\/\/integra-netz.de\/verein\/irakisch-kurdischer-sport-und-kulturverein\/wp-content\/uploads\/sites\/16\/2019\/06\/IMG-20190610-WA0026-300x146.jpg 300w, https:\/\/integra-netz.de\/verein\/irakisch-kurdischer-sport-und-kulturverein\/wp-content\/uploads\/sites\/16\/2019\/06\/IMG-20190610-WA0026-768x373.jpg 768w, https:\/\/integra-netz.de\/verein\/irakisch-kurdischer-sport-und-kulturverein\/wp-content\/uploads\/sites\/16\/2019\/06\/IMG-20190610-WA0026.jpg 1600w\" sizes=\"auto, (max-width: 767px) 89vw, (max-width: 1000px) 54vw, (max-width: 1071px) 543px, 580px\" \/><\/a><\/figure><\/li><li class=\"blocks-gallery-item\"><figure><a href=\"http:\/\/integra-netz.de\/verein\/irakisch-kurdischer-sport-und-kulturverein\/wp-content\/uploads\/sites\/16\/2019\/06\/IMG-20190610-WA0027.jpg\"><img loading=\"lazy\" decoding=\"async\" width=\"1024\" height=\"768\" src=\"http:\/\/integra-netz.de\/verein\/irakisch-kurdischer-sport-und-kulturverein\/wp-content\/uploads\/sites\/16\/2019\/06\/IMG-20190610-WA0027-1024x768.jpg\" alt=\"\" data-id=\"936\" data-full-url=\"http:\/\/integra-netz.de\/verein\/irakisch-kurdischer-sport-und-kulturverein\/wp-content\/uploads\/sites\/16\/2019\/06\/IMG-20190610-WA0027.jpg\" data-link=\"http:\/\/integra-netz.de\/verein\/irakisch-kurdischer-sport-und-kulturverein\/aktuelles-2\/img-20190610-wa0027\/\" class=\"wp-image-936\" srcset=\"https:\/\/integra-netz.de\/verein\/irakisch-kurdischer-sport-und-kulturverein\/wp-content\/uploads\/sites\/16\/2019\/06\/IMG-20190610-WA0027-1024x768.jpg 1024w, https:\/\/integra-netz.de\/verein\/irakisch-kurdischer-sport-und-kulturverein\/wp-content\/uploads\/sites\/16\/2019\/06\/IMG-20190610-WA0027-300x225.jpg 300w, https:\/\/integra-netz.de\/verein\/irakisch-kurdischer-sport-und-kulturverein\/wp-content\/uploads\/sites\/16\/2019\/06\/IMG-20190610-WA0027-768x576.jpg 768w, https:\/\/integra-netz.de\/verein\/irakisch-kurdischer-sport-und-kulturverein\/wp-content\/uploads\/sites\/16\/2019\/06\/IMG-20190610-WA0027.jpg 1600w\" sizes=\"auto, (max-width: 767px) 89vw, (max-width: 1000px) 54vw, (max-width: 1071px) 543px, 580px\" \/><\/a><\/figure><\/li><li class=\"blocks-gallery-item\"><figure><a href=\"http:\/\/integra-netz.de\/verein\/irakisch-kurdischer-sport-und-kulturverein\/wp-content\/uploads\/sites\/16\/2019\/06\/IMG-20190610-WA0028.jpg\"><img loading=\"lazy\" decoding=\"async\" width=\"1024\" height=\"768\" src=\"http:\/\/integra-netz.de\/verein\/irakisch-kurdischer-sport-und-kulturverein\/wp-content\/uploads\/sites\/16\/2019\/06\/IMG-20190610-WA0028-1024x768.jpg\" alt=\"\" data-id=\"937\" data-full-url=\"http:\/\/integra-netz.de\/verein\/irakisch-kurdischer-sport-und-kulturverein\/wp-content\/uploads\/sites\/16\/2019\/06\/IMG-20190610-WA0028.jpg\" data-link=\"http:\/\/integra-netz.de\/verein\/irakisch-kurdischer-sport-und-kulturverein\/aktuelles-2\/img-20190610-wa0028\/\" class=\"wp-image-937\" srcset=\"https:\/\/integra-netz.de\/verein\/irakisch-kurdischer-sport-und-kulturverein\/wp-content\/uploads\/sites\/16\/2019\/06\/IMG-20190610-WA0028-1024x768.jpg 1024w, https:\/\/integra-netz.de\/verein\/irakisch-kurdischer-sport-und-kulturverein\/wp-content\/uploads\/sites\/16\/2019\/06\/IMG-20190610-WA0028-300x225.jpg 300w, https:\/\/integra-netz.de\/verein\/irakisch-kurdischer-sport-und-kulturverein\/wp-content\/uploads\/sites\/16\/2019\/06\/IMG-20190610-WA0028-768x576.jpg 768w, https:\/\/integra-netz.de\/verein\/irakisch-kurdischer-sport-und-kulturverein\/wp-content\/uploads\/sites\/16\/2019\/06\/IMG-20190610-WA0028.jpg 1600w\" sizes=\"auto, (max-width: 767px) 89vw, (max-width: 1000px) 54vw, (max-width: 1071px) 543px, 580px\" \/><\/a><\/figure><\/li><li class=\"blocks-gallery-item\"><figure><a href=\"http:\/\/integra-netz.de\/verein\/irakisch-kurdischer-sport-und-kulturverein\/wp-content\/uploads\/sites\/16\/2019\/06\/IMG-20190610-WA0029.jpg\"><img loading=\"lazy\" decoding=\"async\" width=\"1024\" height=\"768\" src=\"http:\/\/integra-netz.de\/verein\/irakisch-kurdischer-sport-und-kulturverein\/wp-content\/uploads\/sites\/16\/2019\/06\/IMG-20190610-WA0029-1024x768.jpg\" alt=\"\" data-id=\"938\" data-full-url=\"http:\/\/integra-netz.de\/verein\/irakisch-kurdischer-sport-und-kulturverein\/wp-content\/uploads\/sites\/16\/2019\/06\/IMG-20190610-WA0029.jpg\" data-link=\"http:\/\/integra-netz.de\/verein\/irakisch-kurdischer-sport-und-kulturverein\/aktuelles-2\/img-20190610-wa0029\/\" class=\"wp-image-938\" srcset=\"https:\/\/integra-netz.de\/verein\/irakisch-kurdischer-sport-und-kulturverein\/wp-content\/uploads\/sites\/16\/2019\/06\/IMG-20190610-WA0029-1024x768.jpg 1024w, https:\/\/integra-netz.de\/verein\/irakisch-kurdischer-sport-und-kulturverein\/wp-content\/uploads\/sites\/16\/2019\/06\/IMG-20190610-WA0029-300x225.jpg 300w, https:\/\/integra-netz.de\/verein\/irakisch-kurdischer-sport-und-kulturverein\/wp-content\/uploads\/sites\/16\/2019\/06\/IMG-20190610-WA0029-768x576.jpg 768w, https:\/\/integra-netz.de\/verein\/irakisch-kurdischer-sport-und-kulturverein\/wp-content\/uploads\/sites\/16\/2019\/06\/IMG-20190610-WA0029.jpg 1600w\" sizes=\"auto, (max-width: 767px) 89vw, (max-width: 1000px) 54vw, (max-width: 1071px) 543px, 580px\" \/><\/a><\/figure><\/li><li class=\"blocks-gallery-item\"><figure><a href=\"http:\/\/integra-netz.de\/verein\/irakisch-kurdischer-sport-und-kulturverein\/wp-content\/uploads\/sites\/16\/2019\/06\/IMG-20190610-WA0030.jpg\"><img loading=\"lazy\" decoding=\"async\" width=\"1024\" height=\"768\" src=\"http:\/\/integra-netz.de\/verein\/irakisch-kurdischer-sport-und-kulturverein\/wp-content\/uploads\/sites\/16\/2019\/06\/IMG-20190610-WA0030-1024x768.jpg\" alt=\"\" data-id=\"939\" data-full-url=\"http:\/\/integra-netz.de\/verein\/irakisch-kurdischer-sport-und-kulturverein\/wp-content\/uploads\/sites\/16\/2019\/06\/IMG-20190610-WA0030.jpg\" data-link=\"http:\/\/integra-netz.de\/verein\/irakisch-kurdischer-sport-und-kulturverein\/aktuelles-2\/img-20190610-wa0030\/\" class=\"wp-image-939\" srcset=\"https:\/\/integra-netz.de\/verein\/irakisch-kurdischer-sport-und-kulturverein\/wp-content\/uploads\/sites\/16\/2019\/06\/IMG-20190610-WA0030-1024x768.jpg 1024w, https:\/\/integra-netz.de\/verein\/irakisch-kurdischer-sport-und-kulturverein\/wp-content\/uploads\/sites\/16\/2019\/06\/IMG-20190610-WA0030-300x225.jpg 300w, https:\/\/integra-netz.de\/verein\/irakisch-kurdischer-sport-und-kulturverein\/wp-content\/uploads\/sites\/16\/2019\/06\/IMG-20190610-WA0030-768x576.jpg 768w, https:\/\/integra-netz.de\/verein\/irakisch-kurdischer-sport-und-kulturverein\/wp-content\/uploads\/sites\/16\/2019\/06\/IMG-20190610-WA0030.jpg 1600w\" sizes=\"auto, (max-width: 767px) 89vw, (max-width: 1000px) 54vw, (max-width: 1071px) 543px, 580px\" \/><\/a><\/figure><\/li><li class=\"blocks-gallery-item\"><figure><a href=\"http:\/\/integra-netz.de\/verein\/irakisch-kurdischer-sport-und-kulturverein\/wp-content\/uploads\/sites\/16\/2019\/06\/IMG-20190610-WA0031.jpg\"><img loading=\"lazy\" decoding=\"async\" width=\"1024\" height=\"768\" src=\"http:\/\/integra-netz.de\/verein\/irakisch-kurdischer-sport-und-kulturverein\/wp-content\/uploads\/sites\/16\/2019\/06\/IMG-20190610-WA0031-1024x768.jpg\" alt=\"\" data-id=\"940\" data-full-url=\"http:\/\/integra-netz.de\/verein\/irakisch-kurdischer-sport-und-kulturverein\/wp-content\/uploads\/sites\/16\/2019\/06\/IMG-20190610-WA0031.jpg\" data-link=\"http:\/\/integra-netz.de\/verein\/irakisch-kurdischer-sport-und-kulturverein\/aktuelles-2\/img-20190610-wa0031\/\" class=\"wp-image-940\" srcset=\"https:\/\/integra-netz.de\/verein\/irakisch-kurdischer-sport-und-kulturverein\/wp-content\/uploads\/sites\/16\/2019\/06\/IMG-20190610-WA0031-1024x768.jpg 1024w, https:\/\/integra-netz.de\/verein\/irakisch-kurdischer-sport-und-kulturverein\/wp-content\/uploads\/sites\/16\/2019\/06\/IMG-20190610-WA0031-300x225.jpg 300w, https:\/\/integra-netz.de\/verein\/irakisch-kurdischer-sport-und-kulturverein\/wp-content\/uploads\/sites\/16\/2019\/06\/IMG-20190610-WA0031-768x576.jpg 768w, https:\/\/integra-netz.de\/verein\/irakisch-kurdischer-sport-und-kulturverein\/wp-content\/uploads\/sites\/16\/2019\/06\/IMG-20190610-WA0031.jpg 1600w\" sizes=\"auto, (max-width: 767px) 89vw, (max-width: 1000px) 54vw, (max-width: 1071px) 543px, 580px\" \/><\/a><\/figure><\/li><li class=\"blocks-gallery-item\"><figure><a href=\"http:\/\/integra-netz.de\/verein\/irakisch-kurdischer-sport-und-kulturverein\/wp-content\/uploads\/sites\/16\/2019\/06\/IMG-20190610-WA0032.jpg\"><img loading=\"lazy\" decoding=\"async\" width=\"1024\" height=\"768\" src=\"http:\/\/integra-netz.de\/verein\/irakisch-kurdischer-sport-und-kulturverein\/wp-content\/uploads\/sites\/16\/2019\/06\/IMG-20190610-WA0032-1024x768.jpg\" alt=\"\" data-id=\"941\" data-full-url=\"http:\/\/integra-netz.de\/verein\/irakisch-kurdischer-sport-und-kulturverein\/wp-content\/uploads\/sites\/16\/2019\/06\/IMG-20190610-WA0032.jpg\" data-link=\"http:\/\/integra-netz.de\/verein\/irakisch-kurdischer-sport-und-kulturverein\/aktuelles-2\/img-20190610-wa0032\/\" class=\"wp-image-941\" srcset=\"https:\/\/integra-netz.de\/verein\/irakisch-kurdischer-sport-und-kulturverein\/wp-content\/uploads\/sites\/16\/2019\/06\/IMG-20190610-WA0032-1024x768.jpg 1024w, https:\/\/integra-netz.de\/verein\/irakisch-kurdischer-sport-und-kulturverein\/wp-content\/uploads\/sites\/16\/2019\/06\/IMG-20190610-WA0032-300x225.jpg 300w, https:\/\/integra-netz.de\/verein\/irakisch-kurdischer-sport-und-kulturverein\/wp-content\/uploads\/sites\/16\/2019\/06\/IMG-20190610-WA0032-768x576.jpg 768w, https:\/\/integra-netz.de\/verein\/irakisch-kurdischer-sport-und-kulturverein\/wp-content\/uploads\/sites\/16\/2019\/06\/IMG-20190610-WA0032.jpg 1600w\" sizes=\"auto, (max-width: 767px) 89vw, (max-width: 1000px) 54vw, (max-width: 1071px) 543px, 580px\" \/><\/a><\/figure><\/li><li class=\"blocks-gallery-item\"><figure><a href=\"http:\/\/integra-netz.de\/verein\/irakisch-kurdischer-sport-und-kulturverein\/wp-content\/uploads\/sites\/16\/2019\/06\/IMG-20190610-WA0033.jpg\"><img loading=\"lazy\" decoding=\"async\" width=\"768\" height=\"1024\" src=\"http:\/\/integra-netz.de\/verein\/irakisch-kurdischer-sport-und-kulturverein\/wp-content\/uploads\/sites\/16\/2019\/06\/IMG-20190610-WA0033-768x1024.jpg\" alt=\"\" data-id=\"942\" data-full-url=\"http:\/\/integra-netz.de\/verein\/irakisch-kurdischer-sport-und-kulturverein\/wp-content\/uploads\/sites\/16\/2019\/06\/IMG-20190610-WA0033.jpg\" data-link=\"http:\/\/integra-netz.de\/verein\/irakisch-kurdischer-sport-und-kulturverein\/aktuelles-2\/img-20190610-wa0033\/\" class=\"wp-image-942\" srcset=\"https:\/\/integra-netz.de\/verein\/irakisch-kurdischer-sport-und-kulturverein\/wp-content\/uploads\/sites\/16\/2019\/06\/IMG-20190610-WA0033-768x1024.jpg 768w, https:\/\/integra-netz.de\/verein\/irakisch-kurdischer-sport-und-kulturverein\/wp-content\/uploads\/sites\/16\/2019\/06\/IMG-20190610-WA0033-225x300.jpg 225w, https:\/\/integra-netz.de\/verein\/irakisch-kurdischer-sport-und-kulturverein\/wp-content\/uploads\/sites\/16\/2019\/06\/IMG-20190610-WA0033.jpg 1200w\" sizes=\"auto, (max-width: 767px) 89vw, (max-width: 1000px) 54vw, (max-width: 1071px) 543px, 580px\" \/><\/a><\/figure><\/li><li class=\"blocks-gallery-item\"><figure><a href=\"http:\/\/integra-netz.de\/verein\/irakisch-kurdischer-sport-und-kulturverein\/wp-content\/uploads\/sites\/16\/2019\/06\/IMG-20190610-WA0034.jpg\"><img loading=\"lazy\" decoding=\"async\" width=\"1024\" height=\"768\" src=\"http:\/\/integra-netz.de\/verein\/irakisch-kurdischer-sport-und-kulturverein\/wp-content\/uploads\/sites\/16\/2019\/06\/IMG-20190610-WA0034-1024x768.jpg\" alt=\"\" data-id=\"943\" data-full-url=\"http:\/\/integra-netz.de\/verein\/irakisch-kurdischer-sport-und-kulturverein\/wp-content\/uploads\/sites\/16\/2019\/06\/IMG-20190610-WA0034.jpg\" data-link=\"http:\/\/integra-netz.de\/verein\/irakisch-kurdischer-sport-und-kulturverein\/aktuelles-2\/img-20190610-wa0034\/\" class=\"wp-image-943\" srcset=\"https:\/\/integra-netz.de\/verein\/irakisch-kurdischer-sport-und-kulturverein\/wp-content\/uploads\/sites\/16\/2019\/06\/IMG-20190610-WA0034-1024x768.jpg 1024w, https:\/\/integra-netz.de\/verein\/irakisch-kurdischer-sport-und-kulturverein\/wp-content\/uploads\/sites\/16\/2019\/06\/IMG-20190610-WA0034-300x225.jpg 300w, https:\/\/integra-netz.de\/verein\/irakisch-kurdischer-sport-und-kulturverein\/wp-content\/uploads\/sites\/16\/2019\/06\/IMG-20190610-WA0034-768x576.jpg 768w, https:\/\/integra-netz.de\/verein\/irakisch-kurdischer-sport-und-kulturverein\/wp-content\/uploads\/sites\/16\/2019\/06\/IMG-20190610-WA0034.jpg 1600w\" sizes=\"auto, (max-width: 767px) 89vw, (max-width: 1000px) 54vw, (max-width: 1071px) 543px, 580px\" \/><\/a><\/figure><\/li><li class=\"blocks-gallery-item\"><figure><a href=\"http:\/\/integra-netz.de\/verein\/irakisch-kurdischer-sport-und-kulturverein\/wp-content\/uploads\/sites\/16\/2019\/06\/IMG-20190610-WA0035.jpg\"><img loading=\"lazy\" decoding=\"async\" width=\"1024\" height=\"768\" src=\"http:\/\/integra-netz.de\/verein\/irakisch-kurdischer-sport-und-kulturverein\/wp-content\/uploads\/sites\/16\/2019\/06\/IMG-20190610-WA0035-1024x768.jpg\" alt=\"\" data-id=\"944\" data-full-url=\"http:\/\/integra-netz.de\/verein\/irakisch-kurdischer-sport-und-kulturverein\/wp-content\/uploads\/sites\/16\/2019\/06\/IMG-20190610-WA0035.jpg\" data-link=\"http:\/\/integra-netz.de\/verein\/irakisch-kurdischer-sport-und-kulturverein\/aktuelles-2\/img-20190610-wa0035\/\" class=\"wp-image-944\" srcset=\"https:\/\/integra-netz.de\/verein\/irakisch-kurdischer-sport-und-kulturverein\/wp-content\/uploads\/sites\/16\/2019\/06\/IMG-20190610-WA0035-1024x768.jpg 1024w, https:\/\/integra-netz.de\/verein\/irakisch-kurdischer-sport-und-kulturverein\/wp-content\/uploads\/sites\/16\/2019\/06\/IMG-20190610-WA0035-300x225.jpg 300w, https:\/\/integra-netz.de\/verein\/irakisch-kurdischer-sport-und-kulturverein\/wp-content\/uploads\/sites\/16\/2019\/06\/IMG-20190610-WA0035-768x576.jpg 768w, https:\/\/integra-netz.de\/verein\/irakisch-kurdischer-sport-und-kulturverein\/wp-content\/uploads\/sites\/16\/2019\/06\/IMG-20190610-WA0035.jpg 1600w\" sizes=\"auto, (max-width: 767px) 89vw, (max-width: 1000px) 54vw, (max-width: 1071px) 543px, 580px\" \/><\/a><\/figure><\/li><li class=\"blocks-gallery-item\"><figure><a href=\"http:\/\/integra-netz.de\/verein\/irakisch-kurdischer-sport-und-kulturverein\/wp-content\/uploads\/sites\/16\/2019\/06\/IMG-20190610-WA0036.jpg\"><img loading=\"lazy\" decoding=\"async\" width=\"1024\" height=\"768\" src=\"http:\/\/integra-netz.de\/verein\/irakisch-kurdischer-sport-und-kulturverein\/wp-content\/uploads\/sites\/16\/2019\/06\/IMG-20190610-WA0036-1024x768.jpg\" alt=\"\" data-id=\"945\" data-full-url=\"http:\/\/integra-netz.de\/verein\/irakisch-kurdischer-sport-und-kulturverein\/wp-content\/uploads\/sites\/16\/2019\/06\/IMG-20190610-WA0036.jpg\" data-link=\"http:\/\/integra-netz.de\/verein\/irakisch-kurdischer-sport-und-kulturverein\/aktuelles-2\/img-20190610-wa0036\/\" class=\"wp-image-945\" srcset=\"https:\/\/integra-netz.de\/verein\/irakisch-kurdischer-sport-und-kulturverein\/wp-content\/uploads\/sites\/16\/2019\/06\/IMG-20190610-WA0036-1024x768.jpg 1024w, https:\/\/integra-netz.de\/verein\/irakisch-kurdischer-sport-und-kulturverein\/wp-content\/uploads\/sites\/16\/2019\/06\/IMG-20190610-WA0036-300x225.jpg 300w, https:\/\/integra-netz.de\/verein\/irakisch-kurdischer-sport-und-kulturverein\/wp-content\/uploads\/sites\/16\/2019\/06\/IMG-20190610-WA0036-768x576.jpg 768w, https:\/\/integra-netz.de\/verein\/irakisch-kurdischer-sport-und-kulturverein\/wp-content\/uploads\/sites\/16\/2019\/06\/IMG-20190610-WA0036.jpg 1600w\" sizes=\"auto, (max-width: 767px) 89vw, (max-width: 1000px) 54vw, (max-width: 1071px) 543px, 580px\" \/><\/a><\/figure><\/li><li class=\"blocks-gallery-item\"><figure><a href=\"http:\/\/integra-netz.de\/verein\/irakisch-kurdischer-sport-und-kulturverein\/wp-content\/uploads\/sites\/16\/2019\/06\/IMG-20190610-WA0037.jpg\"><img loading=\"lazy\" decoding=\"async\" width=\"1024\" height=\"768\" src=\"http:\/\/integra-netz.de\/verein\/irakisch-kurdischer-sport-und-kulturverein\/wp-content\/uploads\/sites\/16\/2019\/06\/IMG-20190610-WA0037-1024x768.jpg\" alt=\"\" data-id=\"946\" data-full-url=\"http:\/\/integra-netz.de\/verein\/irakisch-kurdischer-sport-und-kulturverein\/wp-content\/uploads\/sites\/16\/2019\/06\/IMG-20190610-WA0037.jpg\" data-link=\"http:\/\/integra-netz.de\/verein\/irakisch-kurdischer-sport-und-kulturverein\/aktuelles-2\/img-20190610-wa0037\/\" class=\"wp-image-946\" srcset=\"https:\/\/integra-netz.de\/verein\/irakisch-kurdischer-sport-und-kulturverein\/wp-content\/uploads\/sites\/16\/2019\/06\/IMG-20190610-WA0037-1024x768.jpg 1024w, https:\/\/integra-netz.de\/verein\/irakisch-kurdischer-sport-und-kulturverein\/wp-content\/uploads\/sites\/16\/2019\/06\/IMG-20190610-WA0037-300x225.jpg 300w, https:\/\/integra-netz.de\/verein\/irakisch-kurdischer-sport-und-kulturverein\/wp-content\/uploads\/sites\/16\/2019\/06\/IMG-20190610-WA0037-768x576.jpg 768w, https:\/\/integra-netz.de\/verein\/irakisch-kurdischer-sport-und-kulturverein\/wp-content\/uploads\/sites\/16\/2019\/06\/IMG-20190610-WA0037.jpg 1600w\" sizes=\"auto, (max-width: 767px) 89vw, (max-width: 1000px) 54vw, (max-width: 1071px) 543px, 580px\" \/><\/a><\/figure><\/li><li class=\"blocks-gallery-item\"><figure><a href=\"http:\/\/integra-netz.de\/verein\/irakisch-kurdischer-sport-und-kulturverein\/wp-content\/uploads\/sites\/16\/2019\/06\/IMG-20190610-WA0038.jpg\"><img loading=\"lazy\" decoding=\"async\" width=\"1024\" height=\"497\" src=\"http:\/\/integra-netz.de\/verein\/irakisch-kurdischer-sport-und-kulturverein\/wp-content\/uploads\/sites\/16\/2019\/06\/IMG-20190610-WA0038-1024x497.jpg\" alt=\"\" data-id=\"947\" data-full-url=\"http:\/\/integra-netz.de\/verein\/irakisch-kurdischer-sport-und-kulturverein\/wp-content\/uploads\/sites\/16\/2019\/06\/IMG-20190610-WA0038.jpg\" data-link=\"http:\/\/integra-netz.de\/verein\/irakisch-kurdischer-sport-und-kulturverein\/aktuelles-2\/img-20190610-wa0038\/\" class=\"wp-image-947\" srcset=\"https:\/\/integra-netz.de\/verein\/irakisch-kurdischer-sport-und-kulturverein\/wp-content\/uploads\/sites\/16\/2019\/06\/IMG-20190610-WA0038-1024x497.jpg 1024w, https:\/\/integra-netz.de\/verein\/irakisch-kurdischer-sport-und-kulturverein\/wp-content\/uploads\/sites\/16\/2019\/06\/IMG-20190610-WA0038-300x146.jpg 300w, https:\/\/integra-netz.de\/verein\/irakisch-kurdischer-sport-und-kulturverein\/wp-content\/uploads\/sites\/16\/2019\/06\/IMG-20190610-WA0038-768x373.jpg 768w, https:\/\/integra-netz.de\/verein\/irakisch-kurdischer-sport-und-kulturverein\/wp-content\/uploads\/sites\/16\/2019\/06\/IMG-20190610-WA0038.jpg 1600w\" sizes=\"auto, (max-width: 767px) 89vw, (max-width: 1000px) 54vw, (max-width: 1071px) 543px, 580px\" \/><\/a><\/figure><\/li><li class=\"blocks-gallery-item\"><figure><a href=\"http:\/\/integra-netz.de\/verein\/irakisch-kurdischer-sport-und-kulturverein\/wp-content\/uploads\/sites\/16\/2019\/06\/IMG-20190610-WA0041.jpg\"><img loading=\"lazy\" decoding=\"async\" width=\"768\" height=\"1024\" src=\"http:\/\/integra-netz.de\/verein\/irakisch-kurdischer-sport-und-kulturverein\/wp-content\/uploads\/sites\/16\/2019\/06\/IMG-20190610-WA0041-768x1024.jpg\" alt=\"\" data-id=\"948\" data-full-url=\"http:\/\/integra-netz.de\/verein\/irakisch-kurdischer-sport-und-kulturverein\/wp-content\/uploads\/sites\/16\/2019\/06\/IMG-20190610-WA0041.jpg\" data-link=\"http:\/\/integra-netz.de\/verein\/irakisch-kurdischer-sport-und-kulturverein\/aktuelles-2\/img-20190610-wa0041\/\" class=\"wp-image-948\" srcset=\"https:\/\/integra-netz.de\/verein\/irakisch-kurdischer-sport-und-kulturverein\/wp-content\/uploads\/sites\/16\/2019\/06\/IMG-20190610-WA0041-768x1024.jpg 768w, https:\/\/integra-netz.de\/verein\/irakisch-kurdischer-sport-und-kulturverein\/wp-content\/uploads\/sites\/16\/2019\/06\/IMG-20190610-WA0041-225x300.jpg 225w, https:\/\/integra-netz.de\/verein\/irakisch-kurdischer-sport-und-kulturverein\/wp-content\/uploads\/sites\/16\/2019\/06\/IMG-20190610-WA0041.jpg 1440w\" sizes=\"auto, (max-width: 767px) 89vw, (max-width: 1000px) 54vw, (max-width: 1071px) 543px, 580px\" \/><\/a><\/figure><\/li><\/ul><\/figure>\n","protected":false},"excerpt":{"rendered":"<p>Wir haben am Samstag, den 8.06.2019 im Caf\u00e9 international von 16.00 Uhr bis ca. 22 Uhr das Zuckerfest gefeiert. Wir haben sehr viele Fl\u00fcchtlinge aus G\u00fcrzenich eingeladen. Es sind auch \u00fcber 50 neue Personen gekommen. Zu Beginn der Feier haben die TeilnehmerInnen sich alles Gute gew\u00fcnscht; danach haben wir \u00fcber die Tradition des Zuckerfestes geredet, &hellip; <\/p>\n<p class=\"link-more\"><a href=\"https:\/\/integra-netz.de\/verein\/irakisch-kurdischer-sport-und-kulturverein\/2019\/06\/08\/zuckerfest-im-cafe-international-am-08-06-2019\/\" class=\"more-link\"><span class=\"screen-reader-text\">\u201eZuckerfest im Caf\u00e9 International am 08.06.2019\u201c<\/span> weiterlesen<\/a><\/p>\n","protected":false},"author":1,"featured_media":0,"comment_status":"closed","ping_status":"closed","sticky":false,"template":"","format":"standard","meta":{"footnotes":""},"categories":[6],"tags":[],"class_list":["post-1398","post","type-post","status-publish","format-standard","hentry","category-aktuelles"],"_links":{"self":[{"href":"https:\/\/integra-netz.de\/verein\/irakisch-kurdischer-sport-und-kulturverein\/wp-json\/wp\/v2\/posts\/1398","targetHints":{"allow":["GET"]}}],"collection":[{"href":"https:\/\/integra-netz.de\/verein\/irakisch-kurdischer-sport-und-kulturverein\/wp-json\/wp\/v2\/posts"}],"about":[{"href":"https:\/\/integra-netz.de\/verein\/irakisch-kurdischer-sport-und-kulturverein\/wp-json\/wp\/v2\/types\/post"}],"author":[{"embeddable":true,"href":"https:\/\/integra-netz.de\/verein\/irakisch-kurdischer-sport-und-kulturverein\/wp-json\/wp\/v2\/users\/1"}],"replies":[{"embeddable":true,"href":"https:\/\/integra-netz.de\/verein\/irakisch-kurdischer-sport-und-kulturverein\/wp-json\/wp\/v2\/comments?post=1398"}],"version-history":[{"count":1,"href":"https:\/\/integra-netz.de\/verein\/irakisch-kurdischer-sport-und-kulturverein\/wp-json\/wp\/v2\/posts\/1398\/revisions"}],"predecessor-version":[{"id":1399,"href":"https:\/\/integra-netz.de\/verein\/irakisch-kurdischer-sport-und-kulturverein\/wp-json\/wp\/v2\/posts\/1398\/revisions\/1399"}],"wp:attachment":[{"href":"https:\/\/integra-netz.de\/verein\/irakisch-kurdischer-sport-und-kulturverein\/wp-json\/wp\/v2\/media?parent=1398"}],"wp:term":[{"taxonomy":"category","embeddable":true,"href":"https:\/\/integra-netz.de\/verein\/irakisch-kurdischer-sport-und-kulturverein\/wp-json\/wp\/v2\/categories?post=1398"},{"taxonomy":"post_tag","embeddable":true,"href":"https:\/\/integra-netz.de\/verein\/irakisch-kurdischer-sport-und-kulturverein\/wp-json\/wp\/v2\/tags?post=1398"}],"curies":[{"name":"wp","href":"https:\/\/api.w.org\/{rel}","templated":true}]}}