{"id":54,"date":"2014-04-09T15:45:58","date_gmt":"2014-04-09T13:45:58","guid":{"rendered":"http:\/\/integra-netz.de\/verein\/word-of-faith-ministries\/?p=54"},"modified":"2014-04-09T15:45:58","modified_gmt":"2014-04-09T13:45:58","slug":"all-night-service-nachtandacht-und-gebet-am-freitag-den-7-oktober-2011","status":"publish","type":"post","link":"http:\/\/integra-netz.de\/verein\/word-of-faith-ministries\/2014\/04\/09\/all-night-service-nachtandacht-und-gebet-am-freitag-den-7-oktober-2011\/","title":{"rendered":"All Night Service &#8211; Nachtandacht und -gebet am Freitag, den 7. Oktober 2011"},"content":{"rendered":"<p>Am kommenden Freitag, den 7. Oktober 2011 findet\u00a0 um 24.00 Uhr der n\u00e4chste All-Night-Service &#8212;- Nachtandacht und- gebet in den R\u00e4umen der Word of Faith Ministries D\u00fcren &#8211; Wort des Glaubens Gemeinde D\u00fcren in der Glash\u00fcttenstra\u00dfe 34 in D\u00fcren statt. Die vierst\u00fcndige Andacht ist ausgef\u00fcllt mit Gospelmusik und -gesang, Gebeten, Predigen und Bekundungen. Jeder Gl\u00e4ubige ist herzlich willkommen. Wir freuen uns auf Ihren Besuch<\/p>\n","protected":false},"excerpt":{"rendered":"<p>Am kommenden Freitag, den 7. Oktober 2011 findet\u00a0 um 24.00 Uhr der n\u00e4chste All-Night-Service &#8212;- Nachtandacht und- gebet in den R\u00e4umen der Word of Faith Ministries D\u00fcren &#8211; Wort des Glaubens Gemeinde D\u00fcren in der Glash\u00fcttenstra\u00dfe 34 in D\u00fcren statt. Die vierst\u00fcndige Andacht ist ausgef\u00fcllt mit Gospelmusik und -gesang, Gebeten, Predigen und Bekundungen. Jeder Gl\u00e4ubige &hellip; <\/p>\n<p class=\"link-more\"><a href=\"http:\/\/integra-netz.de\/verein\/word-of-faith-ministries\/2014\/04\/09\/all-night-service-nachtandacht-und-gebet-am-freitag-den-7-oktober-2011\/\" class=\"more-link\"><span class=\"screen-reader-text\">\u201eAll Night Service &#8211; Nachtandacht und -gebet am Freitag, den 7. Oktober 2011\u201c<\/span> weiterlesen<\/a><\/p>\n","protected":false},"author":1,"featured_media":0,"comment_status":"closed","ping_status":"closed","sticky":false,"template":"","format":"standard","meta":{"footnotes":""},"categories":[1],"tags":[],"class_list":["post-54","post","type-post","status-publish","format-standard","hentry","category-allgemein"],"_links":{"self":[{"href":"http:\/\/integra-netz.de\/verein\/word-of-faith-ministries\/wp-json\/wp\/v2\/posts\/54","targetHints":{"allow":["GET"]}}],"collection":[{"href":"http:\/\/integra-netz.de\/verein\/word-of-faith-ministries\/wp-json\/wp\/v2\/posts"}],"about":[{"href":"http:\/\/integra-netz.de\/verein\/word-of-faith-ministries\/wp-json\/wp\/v2\/types\/post"}],"author":[{"embeddable":true,"href":"http:\/\/integra-netz.de\/verein\/word-of-faith-ministries\/wp-json\/wp\/v2\/users\/1"}],"replies":[{"embeddable":true,"href":"http:\/\/integra-netz.de\/verein\/word-of-faith-ministries\/wp-json\/wp\/v2\/comments?post=54"}],"version-history":[{"count":1,"href":"http:\/\/integra-netz.de\/verein\/word-of-faith-ministries\/wp-json\/wp\/v2\/posts\/54\/revisions"}],"predecessor-version":[{"id":55,"href":"http:\/\/integra-netz.de\/verein\/word-of-faith-ministries\/wp-json\/wp\/v2\/posts\/54\/revisions\/55"}],"wp:attachment":[{"href":"http:\/\/integra-netz.de\/verein\/word-of-faith-ministries\/wp-json\/wp\/v2\/media?parent=54"}],"wp:term":[{"taxonomy":"category","embeddable":true,"href":"http:\/\/integra-netz.de\/verein\/word-of-faith-ministries\/wp-json\/wp\/v2\/categories?post=54"},{"taxonomy":"post_tag","embeddable":true,"href":"http:\/\/integra-netz.de\/verein\/word-of-faith-ministries\/wp-json\/wp\/v2\/tags?post=54"}],"curies":[{"name":"wp","href":"https:\/\/api.w.org\/{rel}","templated":true}]}}