{"id":7,"date":"2017-05-05T12:39:43","date_gmt":"2017-05-05T10:39:43","guid":{"rendered":"http:\/\/integra-netz.de\/verein\/visionlisalisi\/?p=7"},"modified":"2019-07-19T14:17:01","modified_gmt":"2019-07-19T12:17:01","slug":"herzlich-willkommen-auf-unserer-seite","status":"publish","type":"post","link":"http:\/\/integra-netz.de\/verein\/visionlisalisi\/2017\/05\/05\/herzlich-willkommen-auf-unserer-seite\/","title":{"rendered":"Herzlich Willkommen auf unserer Seite!"},"content":{"rendered":"<h2>Vision Lisalisi e.V.<\/h2>\n<p>Auf unserer Seite finden Sie aktuelle Informationen zu und \u00fcber unsere Organisation. Die oberen Navigationspunkte f\u00fchren Sie durch unsere Rubriken und geben Ihnen einen Einblick in unsere <b>Aktivit\u00e4ten<\/b>. Auch k\u00f6nnen Sie unter \u201cKontakt\u201d gerne mit uns in <b>Kontakt<\/b> treten und mehr erfahren. Wir w\u00fcnschen Ihnen viel Spa\u00df beim Surfen<\/p>\n<p>. <img loading=\"lazy\" decoding=\"async\" class=\"alignnone size-medium wp-image-48 aligncenter\" src=\"http:\/\/integra-netz.de\/verein\/visionlisalisi\/wp-content\/uploads\/sites\/38\/2017\/05\/Foto-22-300x225.png\" alt=\"\" width=\"300\" height=\"225\" srcset=\"http:\/\/integra-netz.de\/verein\/visionlisalisi\/wp-content\/uploads\/sites\/38\/2017\/05\/Foto-22-300x225.png 300w, http:\/\/integra-netz.de\/verein\/visionlisalisi\/wp-content\/uploads\/sites\/38\/2017\/05\/Foto-22-768x576.png 768w, http:\/\/integra-netz.de\/verein\/visionlisalisi\/wp-content\/uploads\/sites\/38\/2017\/05\/Foto-22.png 960w\" sizes=\"auto, (max-width: 300px) 100vw, 300px\" \/><\/p>\n<p><strong>Vision Lisalisi e.V. <\/strong><b>Adresse<\/b>: Kaiserstr. 81, 52249 Eschweiler<br \/>\n<b>Gr\u00fcndungsdatum<\/b>: 05.01.2013<br \/>\n<b>F\u00fcr folgende L\u00e4nder aktiv<\/b>: Kongo RD, offen f\u00fcr alle Nationalit\u00e4ten<\/p>\n<p><strong>Zweck des Vereins:<\/strong>\u00a0 Die F\u00f6rderung der Entwicklungshilfe (Entwicklungs-zusammenarbeit)<\/p>\n<p>Der Satzungszweck wird verwirklicht insbesondere durch:<\/p>\n<ul>\n<li>F\u00f6rderung der wirtschaftlichen und gesellschaftlichen Entwicklung der Partnergemeinde in der Provinz Maluku im Dorf Bita in der Demokratischen Republik Kongo<\/li>\n<li>F\u00f6rderung des Bildungswesens<\/li>\n<li>die ideelle und materielle Unterst\u00fctzung von sozialen Einrichtungen und bed\u00fcrftigen Einzelpersonen durch Sach- und Geldspenden und Bildungsprojekte<\/li>\n<li>Dialog und Zusammenarbeit mit interessierten Dritten, insbesondere dem Partnerschaftsverein ASBL ONG Vision Lisalisi Kinshasa in der Provinz Maluku\/ Demokratische Republik Congo<\/li>\n<\/ul>\n","protected":false},"excerpt":{"rendered":"<p>Auf unserer Seite finden Sie aktuelle Informationen zu und \u00fcber unsere Organisation. Die oberen Navigationspunkte f\u00fchren Sie durch unsere Rubriken und geben Ihnen einen Einblick in unsere Aktivit\u00e4ten. Auch k\u00f6nnen Sie unter \u201cKontakt\u201d gerne mit uns in Kontakt treten und mehr erfahren. Wir w\u00fcnschen Ihnen viel Spa\u00df beim Surfen . Adresse: Kaiserstr. 81, 52249 Eschweiler &hellip; <\/p>\n<p class=\"link-more\"><a href=\"http:\/\/integra-netz.de\/verein\/visionlisalisi\/2017\/05\/05\/herzlich-willkommen-auf-unserer-seite\/\" class=\"more-link\"><span class=\"screen-reader-text\">\u201eHerzlich Willkommen auf unserer Seite!\u201c<\/span> weiterlesen<\/a><\/p>\n","protected":false},"author":1,"featured_media":0,"comment_status":"closed","ping_status":"closed","sticky":false,"template":"","format":"standard","meta":{"footnotes":""},"categories":[1],"tags":[],"class_list":["post-7","post","type-post","status-publish","format-standard","hentry","category-allgemein"],"_links":{"self":[{"href":"http:\/\/integra-netz.de\/verein\/visionlisalisi\/wp-json\/wp\/v2\/posts\/7","targetHints":{"allow":["GET"]}}],"collection":[{"href":"http:\/\/integra-netz.de\/verein\/visionlisalisi\/wp-json\/wp\/v2\/posts"}],"about":[{"href":"http:\/\/integra-netz.de\/verein\/visionlisalisi\/wp-json\/wp\/v2\/types\/post"}],"author":[{"embeddable":true,"href":"http:\/\/integra-netz.de\/verein\/visionlisalisi\/wp-json\/wp\/v2\/users\/1"}],"replies":[{"embeddable":true,"href":"http:\/\/integra-netz.de\/verein\/visionlisalisi\/wp-json\/wp\/v2\/comments?post=7"}],"version-history":[{"count":14,"href":"http:\/\/integra-netz.de\/verein\/visionlisalisi\/wp-json\/wp\/v2\/posts\/7\/revisions"}],"predecessor-version":[{"id":219,"href":"http:\/\/integra-netz.de\/verein\/visionlisalisi\/wp-json\/wp\/v2\/posts\/7\/revisions\/219"}],"wp:attachment":[{"href":"http:\/\/integra-netz.de\/verein\/visionlisalisi\/wp-json\/wp\/v2\/media?parent=7"}],"wp:term":[{"taxonomy":"category","embeddable":true,"href":"http:\/\/integra-netz.de\/verein\/visionlisalisi\/wp-json\/wp\/v2\/categories?post=7"},{"taxonomy":"post_tag","embeddable":true,"href":"http:\/\/integra-netz.de\/verein\/visionlisalisi\/wp-json\/wp\/v2\/tags?post=7"}],"curies":[{"name":"wp","href":"https:\/\/api.w.org\/{rel}","templated":true}]}}