{"id":7,"date":"2014-04-07T15:39:43","date_gmt":"2014-04-07T13:39:43","guid":{"rendered":"http:\/\/integra-netz.de\/verein\/oezdangallanordkaukasischerkulturundfreundschaftsverein\/?p=7"},"modified":"2018-05-13T13:44:25","modified_gmt":"2018-05-13T11:44:25","slug":"herzlich-willkommen-auf-unserer-seite","status":"publish","type":"post","link":"http:\/\/integra-netz.de\/verein\/oezdangallanordkaukasischerkulturundfreundschaftsverein\/2014\/04\/07\/herzlich-willkommen-auf-unserer-seite\/","title":{"rendered":"Herzlich Willkommen auf unserer Seite!"},"content":{"rendered":"<h3><\/h3>\n<h1 style=\"text-align: left;\"><em>\u00d6zdangalla nkkf e.V. \u00a0<a href=\"http:\/\/integra-netz.de\/verein\/oezdangallanordkaukasischerkulturundfreundschaftsverein\/wp-content\/uploads\/sites\/35\/2017\/07\/Unbenannt.png\"><img loading=\"lazy\" decoding=\"async\" class=\"size-full wp-image-127 alignright\" src=\"http:\/\/integra-netz.de\/verein\/oezdangallanordkaukasischerkulturundfreundschaftsverein\/wp-content\/uploads\/sites\/35\/2017\/07\/Unbenannt.png\" alt=\"\" width=\"131\" height=\"134\" \/><\/a><\/em><\/h1>\n<p style=\"text-align: left;\">Auf unserer Seite finden Sie aktuelle Informationen zu und \u00fcber unsere Organisation. Die oberen Navigationspunkte f\u00fchren Sie durch unsere Rubriken und geben Ihnen einen Einblick in unsere <b>Aktivit\u00e4ten<\/b>. Auch k\u00f6nnen Sie unter \u201cKontakt\u201d gerne mit uns in <b>Kontakt<\/b> treten und mehr erfahren. Wir w\u00fcnschen Ihnen viel Spa\u00df beim Surfen.<\/p>\n<p><a href=\"http:\/\/integra-netz.de\/verein\/oezdangallanordkaukasischerkulturundfreundschaftsverein\/wp-content\/uploads\/sites\/35\/2017\/07\/IMG-20170704-WA00221.jpg\"><img loading=\"lazy\" decoding=\"async\" class=\"alignnone wp-image-71 size-medium\" src=\"http:\/\/integra-netz.de\/verein\/oezdangallanordkaukasischerkulturundfreundschaftsverein\/wp-content\/uploads\/sites\/35\/2017\/07\/IMG-20170704-WA00221-225x300.jpg\" alt=\"\" width=\"225\" height=\"300\" srcset=\"http:\/\/integra-netz.de\/verein\/oezdangallanordkaukasischerkulturundfreundschaftsverein\/wp-content\/uploads\/sites\/35\/2017\/07\/IMG-20170704-WA00221-225x300.jpg 225w, http:\/\/integra-netz.de\/verein\/oezdangallanordkaukasischerkulturundfreundschaftsverein\/wp-content\/uploads\/sites\/35\/2017\/07\/IMG-20170704-WA00221-768x1024.jpg 768w, http:\/\/integra-netz.de\/verein\/oezdangallanordkaukasischerkulturundfreundschaftsverein\/wp-content\/uploads\/sites\/35\/2017\/07\/IMG-20170704-WA00221.jpg 960w\" sizes=\"auto, (max-width: 225px) 100vw, 225px\" \/><\/a><\/p>\n<p><strong>\u00d6zdangalla Nordkaukasischer Kultur- und Freundschaftsverein e.V. <\/strong><\/p>\n<p><b>Post &#8211; Adresse<\/b>:<br \/>\nZum Volkspark 10 e<br \/>\n52355 D\u00fcren<\/p>\n<p style=\"text-align: justify;\"><strong>Treffpunkt<\/strong>:<\/p>\n<p style=\"text-align: justify;\">Im April 2018 bezog unser Verein einen B\u00fcroraum im neu er\u00f6ffneten Vereinssitz des &#8222;Dachverband Migrantenselbstorganisationen D\u00fcren e.V.&#8220; Unser Verein ist einer der Gr\u00fcndungsvereine des Dachverbandes (s.\u00a0http:\/\/integra-netz.de\/verein\/dachverbandmigrantenselbstorganisationenduerenev\/)<\/p>\n<pre><strong>Adresse:<\/strong>\r\nJosef - Schregelstr. 38\r\n52349 D\u00fcren\r\n\r\n<strong>Gr\u00fcndungsdatum<\/strong>: 22.12.2017\r\n<strong>F\u00fcr folgende L\u00e4nder zust\u00e4ndig<\/strong>: alle Nationalit\u00e4ten<\/pre>\n<p>Im Gemeinschaftsraum des Dachverbandes setzen wir nun einen Teil unserer Projekt um. Weitere Aktionen finden statt im:<\/p>\n<p>Caf\u00e9 International (Innenhof der Evang. Gemeinde zu D\u00fcren, Wilhelm-Wester Weg 1, 52349 D\u00fcren)<\/p>\n<hr \/>\n<p><b>Gr\u00fcndungsdatum<\/b>:<br \/>\n22.11.2015<\/p>\n<p><b>F\u00fcr folgende L\u00e4nder zust\u00e4ndig<\/b>:<br \/>\nTeschetschenien<br \/>\n(offen f\u00fcr alle Nationalit\u00e4ten)<\/p>\n<p><b>Sonstiges<\/b>: (z. B.: Beschreibung des Vereins)<\/p>\n","protected":false},"excerpt":{"rendered":"<p>\u00d6zdangalla nkkf e.V. \u00a0 Auf unserer Seite finden Sie aktuelle Informationen zu und \u00fcber unsere Organisation. Die oberen Navigationspunkte f\u00fchren Sie durch unsere Rubriken und geben Ihnen einen Einblick in unsere Aktivit\u00e4ten. Auch k\u00f6nnen Sie unter \u201cKontakt\u201d gerne mit uns in Kontakt treten und mehr erfahren. Wir w\u00fcnschen Ihnen viel Spa\u00df beim Surfen. Post &#8211; &hellip; <\/p>\n<p class=\"link-more\"><a href=\"http:\/\/integra-netz.de\/verein\/oezdangallanordkaukasischerkulturundfreundschaftsverein\/2014\/04\/07\/herzlich-willkommen-auf-unserer-seite\/\" class=\"more-link\"><span class=\"screen-reader-text\">\u201eHerzlich Willkommen auf unserer Seite!\u201c<\/span> weiterlesen<\/a><\/p>\n","protected":false},"author":1,"featured_media":0,"comment_status":"closed","ping_status":"closed","sticky":false,"template":"","format":"standard","meta":{"footnotes":""},"categories":[1],"tags":[],"class_list":["post-7","post","type-post","status-publish","format-standard","hentry","category-allgemein"],"_links":{"self":[{"href":"http:\/\/integra-netz.de\/verein\/oezdangallanordkaukasischerkulturundfreundschaftsverein\/wp-json\/wp\/v2\/posts\/7","targetHints":{"allow":["GET"]}}],"collection":[{"href":"http:\/\/integra-netz.de\/verein\/oezdangallanordkaukasischerkulturundfreundschaftsverein\/wp-json\/wp\/v2\/posts"}],"about":[{"href":"http:\/\/integra-netz.de\/verein\/oezdangallanordkaukasischerkulturundfreundschaftsverein\/wp-json\/wp\/v2\/types\/post"}],"author":[{"embeddable":true,"href":"http:\/\/integra-netz.de\/verein\/oezdangallanordkaukasischerkulturundfreundschaftsverein\/wp-json\/wp\/v2\/users\/1"}],"replies":[{"embeddable":true,"href":"http:\/\/integra-netz.de\/verein\/oezdangallanordkaukasischerkulturundfreundschaftsverein\/wp-json\/wp\/v2\/comments?post=7"}],"version-history":[{"count":32,"href":"http:\/\/integra-netz.de\/verein\/oezdangallanordkaukasischerkulturundfreundschaftsverein\/wp-json\/wp\/v2\/posts\/7\/revisions"}],"predecessor-version":[{"id":158,"href":"http:\/\/integra-netz.de\/verein\/oezdangallanordkaukasischerkulturundfreundschaftsverein\/wp-json\/wp\/v2\/posts\/7\/revisions\/158"}],"wp:attachment":[{"href":"http:\/\/integra-netz.de\/verein\/oezdangallanordkaukasischerkulturundfreundschaftsverein\/wp-json\/wp\/v2\/media?parent=7"}],"wp:term":[{"taxonomy":"category","embeddable":true,"href":"http:\/\/integra-netz.de\/verein\/oezdangallanordkaukasischerkulturundfreundschaftsverein\/wp-json\/wp\/v2\/categories?post=7"},{"taxonomy":"post_tag","embeddable":true,"href":"http:\/\/integra-netz.de\/verein\/oezdangallanordkaukasischerkulturundfreundschaftsverein\/wp-json\/wp\/v2\/tags?post=7"}],"curies":[{"name":"wp","href":"https:\/\/api.w.org\/{rel}","templated":true}]}}