{"id":7,"date":"2014-04-07T15:39:43","date_gmt":"2014-04-07T13:39:43","guid":{"rendered":"http:\/\/integra-netz.de\/verein\/amal-und-aman\/?p=7"},"modified":"2017-05-04T16:01:25","modified_gmt":"2017-05-04T14:01:25","slug":"herzlich-willkommen-auf-unserer-seite","status":"publish","type":"post","link":"http:\/\/integra-netz.de\/verein\/amal-und-aman\/2014\/04\/07\/herzlich-willkommen-auf-unserer-seite\/","title":{"rendered":"Herzlich Willkommen auf unserer Seite!"},"content":{"rendered":"<h2><em>Fortbildungs- und Kulturzentrum muslimischer Frauen<\/em><br \/>\n<em> Amal &amp; Aman D\u00fcren e. V.<\/em><\/h2>\n<p><i>Auf unserer Seite finden Sie aktuelle Informationen zu und \u00fcber unsere Organisation. Die oberen Navigationspunkte f\u00fchren Sie durch unsere Rubriken und geben Ihnen einen Einblick in unsere <\/i><span style=\"color: #cc6600;\"><b><i>Aktivit\u00e4ten<\/i><\/b><\/span><i>. Auch k\u00f6nnen Sie unter &#8222;Kontakt&#8220; gerne mit uns in <\/i><span style=\"color: #cc6600;\"><b><i>Kontakt<\/i><\/b><\/span><b><i> <\/i><\/b><i>treten und mehr erfahren.<\/i><\/p>\n<p><i>Wir w\u00fcnschen Ihnen viel Spa\u00df beim Surfen.<\/i><\/p>\n<p><img loading=\"lazy\" decoding=\"async\" class=\"alignnone size-medium wp-image-36\" src=\"http:\/\/integra-netz.de\/verein\/amal-und-aman\/wp-content\/uploads\/sites\/14\/2014\/04\/suar-300x225.jpg\" alt=\"suar\" width=\"300\" height=\"225\" srcset=\"http:\/\/integra-netz.de\/verein\/amal-und-aman\/wp-content\/uploads\/sites\/14\/2014\/04\/suar-300x225.jpg 300w, http:\/\/integra-netz.de\/verein\/amal-und-aman\/wp-content\/uploads\/sites\/14\/2014\/04\/suar.jpg 800w\" sizes=\"auto, (max-width: 300px) 100vw, 300px\" \/><\/p>\n<p><strong>Amal &amp; Aman D\u00fcren e. V.<br \/>\n<\/strong><\/p>\n<p><span style=\"color: #cc6600;\"><b><i>Treffpunkt<\/i><\/b><\/span><b><i><span style=\"color: #cc6600;\">:<\/span>\u00a0\u00a0\u00a0\u00a0\u00a0\u00a0\u00a0\u00a0\u00a0\u00a0\u00a0\u00a0\u00a0\u00a0\u00a0\u00a0\u00a0\u00a0\u00a0\u00a0\u00a0 AWO Marie-Juchacz-Str. 21, 52349<\/i><\/b><br \/>\n<span style=\"color: #cc6600;\"><b><i>Gr\u00fcndungsdatum<\/i><\/b><i>:\u00a0\u00a0\u00a0\u00a0\u00a0\u00a0 <\/i><\/span><b><i>03.02.2006<\/i><\/b><br \/>\n<span style=\"color: #cc6600;\"><b><i>Aktivit\u00e4ten<\/i><\/b><i>:\u00a0\u00a0\u00a0\u00a0\u00a0\u00a0\u00a0\u00a0\u00a0\u00a0\u00a0\u00a0\u00a0\u00a0\u00a0\u00a0\u00a0\u00a0\u00a0\u00a0 <\/i><\/span><b><i>Kinder und Jugendarbeit<\/i><\/b><br \/>\n<span style=\"color: #cc6600;\"><b><i>Zweck<\/i><\/b><i>:\u00a0\u00a0\u00a0\u00a0\u00a0\u00a0\u00a0\u00a0\u00a0\u00a0\u00a0\u00a0\u00a0\u00a0\u00a0\u00a0\u00a0\u00a0\u00a0\u00a0\u00a0\u00a0\u00a0\u00a0\u00a0\u00a0\u00a0\u00a0\u00a0\u00a0 <\/i><\/span><b><i>gemeinn\u00fctzig<\/i><\/b><\/p>\n","protected":false},"excerpt":{"rendered":"<p>Fortbildungs- und Kulturzentrum muslimischer Frauen Auf unserer Seite finden Sie aktuelle Informationen zu und \u00fcber unsere Organisation. Die oberen Navigationspunkte f\u00fchren Sie durch unsere Rubriken und geben Ihnen einen Einblick in unsere Aktivit\u00e4ten. Auch k\u00f6nnen Sie unter &#8222;Kontakt&#8220; gerne mit uns in Kontakt treten und mehr erfahren. Wir w\u00fcnschen Ihnen viel Spa\u00df beim Surfen. Treffpunkt:\u00a0\u00a0\u00a0\u00a0\u00a0\u00a0\u00a0\u00a0\u00a0\u00a0\u00a0\u00a0\u00a0\u00a0\u00a0\u00a0\u00a0\u00a0\u00a0\u00a0\u00a0 &hellip; <\/p>\n<p class=\"link-more\"><a href=\"http:\/\/integra-netz.de\/verein\/amal-und-aman\/2014\/04\/07\/herzlich-willkommen-auf-unserer-seite\/\" class=\"more-link\"><span class=\"screen-reader-text\">\u201eHerzlich Willkommen auf unserer Seite!\u201c<\/span> weiterlesen<\/a><\/p>\n","protected":false},"author":1,"featured_media":0,"comment_status":"closed","ping_status":"closed","sticky":false,"template":"","format":"standard","meta":{"footnotes":""},"categories":[1],"tags":[],"class_list":["post-7","post","type-post","status-publish","format-standard","hentry","category-allgemein"],"_links":{"self":[{"href":"http:\/\/integra-netz.de\/verein\/amal-und-aman\/wp-json\/wp\/v2\/posts\/7","targetHints":{"allow":["GET"]}}],"collection":[{"href":"http:\/\/integra-netz.de\/verein\/amal-und-aman\/wp-json\/wp\/v2\/posts"}],"about":[{"href":"http:\/\/integra-netz.de\/verein\/amal-und-aman\/wp-json\/wp\/v2\/types\/post"}],"author":[{"embeddable":true,"href":"http:\/\/integra-netz.de\/verein\/amal-und-aman\/wp-json\/wp\/v2\/users\/1"}],"replies":[{"embeddable":true,"href":"http:\/\/integra-netz.de\/verein\/amal-und-aman\/wp-json\/wp\/v2\/comments?post=7"}],"version-history":[{"count":16,"href":"http:\/\/integra-netz.de\/verein\/amal-und-aman\/wp-json\/wp\/v2\/posts\/7\/revisions"}],"predecessor-version":[{"id":96,"href":"http:\/\/integra-netz.de\/verein\/amal-und-aman\/wp-json\/wp\/v2\/posts\/7\/revisions\/96"}],"wp:attachment":[{"href":"http:\/\/integra-netz.de\/verein\/amal-und-aman\/wp-json\/wp\/v2\/media?parent=7"}],"wp:term":[{"taxonomy":"category","embeddable":true,"href":"http:\/\/integra-netz.de\/verein\/amal-und-aman\/wp-json\/wp\/v2\/categories?post=7"},{"taxonomy":"post_tag","embeddable":true,"href":"http:\/\/integra-netz.de\/verein\/amal-und-aman\/wp-json\/wp\/v2\/tags?post=7"}],"curies":[{"name":"wp","href":"https:\/\/api.w.org\/{rel}","templated":true}]}}